{"id":2831,"date":"2024-07-20T11:50:33","date_gmt":"2024-07-20T14:50:33","guid":{"rendered":"https:\/\/powerembedded.com.br\/blog\/?page_id=2831"},"modified":"2024-08-13T16:58:42","modified_gmt":"2024-08-13T19:58:42","slug":"como-controlar-visualizacao-de-cabecalho-dos-visuais","status":"publish","type":"post","link":"https:\/\/powerembedded.com.br\/blog\/como-controlar-visualizacao-de-cabecalho-dos-visuais\/","title":{"rendered":"Como controlar a visualiza\u00e7\u00e3o de cabe\u00e7alhos dos visuais"},"content":{"rendered":"\t\t<div data-elementor-type=\"wp-page\" data-elementor-id=\"2831\" class=\"elementor elementor-2831\" data-elementor-post-type=\"post\">\n\t\t\t\t\t\t<section class=\"elementor-section elementor-top-section elementor-element elementor-element-9ec15aa elementor-section-boxed elementor-section-height-default elementor-section-height-default\" data-id=\"9ec15aa\" data-element_type=\"section\" data-e-type=\"section\">\n\t\t\t\t\t\t<div class=\"elementor-container elementor-column-gap-default\">\n\t\t\t\t\t<div class=\"elementor-column elementor-col-100 elementor-top-column elementor-element elementor-element-605acae\" data-id=\"605acae\" data-element_type=\"column\" data-e-type=\"column\">\n\t\t\t<div class=\"elementor-widget-wrap elementor-element-populated\">\n\t\t\t\t\t\t<div class=\"elementor-element elementor-element-5b909c7 elementor-widget elementor-widget-heading\" data-id=\"5b909c7\" data-element_type=\"widget\" data-e-type=\"widget\" data-widget_type=\"heading.default\">\n\t\t\t\t<div class=\"elementor-widget-container\">\n\t\t\t\t\t<h2 class=\"elementor-heading-title elementor-size-default\">Pode mostrar o cabe\u00e7aho dos visuais<\/h2>\t\t\t\t<\/div>\n\t\t\t\t<\/div>\n\t\t\t\t<div class=\"elementor-element elementor-element-76bcab7 elementor-widget elementor-widget-text-editor\" data-id=\"76bcab7\" data-element_type=\"widget\" data-e-type=\"widget\" data-widget_type=\"text-editor.default\">\n\t\t\t\t<div class=\"elementor-widget-container\">\n\t\t\t\t\t\t\t\t\t<p>Essa funcionalidade foi desenvolvida para cen\u00e1rios em que voc\u00ea deseja que apenas alguns usu\u00e1rios ou grupos possam visualizar os itens do cabe\u00e7alho do visual no relat\u00f3rio. No Power BI, \u00e9 poss\u00edvel ter esse controle por objeto, ou seja, voc\u00ea define quais itens ser\u00e3o vis\u00edveis. Se voc\u00ea precisar que apenas alguns usu\u00e1rios tenham acesso a funcionalidades como exportar dados, modo foco e drill-up\/down, esta solu\u00e7\u00e3o pode ser adequada.<br \/><br \/><\/p><p><img fetchpriority=\"high\" decoding=\"async\" class=\"alignnone size-full wp-image-2840\" src=\"https:\/\/powerembedded.com.br\/blog\/wp-content\/uploads\/2024\/07\/Fluxo-decisao-permissao.jpg\" alt=\"\" width=\"1380\" height=\"724\" srcset=\"https:\/\/powerembedded.com.br\/blog\/wp-content\/uploads\/2024\/07\/Fluxo-decisao-permissao.jpg 1380w, https:\/\/powerembedded.com.br\/blog\/wp-content\/uploads\/2024\/07\/Fluxo-decisao-permissao-300x157.jpg 300w, https:\/\/powerembedded.com.br\/blog\/wp-content\/uploads\/2024\/07\/Fluxo-decisao-permissao-1024x537.jpg 1024w, https:\/\/powerembedded.com.br\/blog\/wp-content\/uploads\/2024\/07\/Fluxo-decisao-permissao-768x403.jpg 768w, https:\/\/powerembedded.com.br\/blog\/wp-content\/uploads\/2024\/07\/Fluxo-decisao-permissao-18x9.jpg 18w\" sizes=\"(max-width: 1380px) 100vw, 1380px\" \/><br \/><br \/><\/p><p>A n\u00edvel de usu\u00e1rio ou grupo, voc\u00ea pode configurar permiss\u00f5es para determinar quais usu\u00e1rios ter\u00e3o acesso a essa funcionalidade. Para habilitar isso, basta acessar o cadastro do usu\u00e1rio ou grupo, ir at\u00e9 a aba de permiss\u00f5es e ativar a op\u00e7\u00e3o &#8216;Pode mostrar o cabe\u00e7alho dos visuais&#8217;.<\/p><p><img decoding=\"async\" class=\"alignnone size-full wp-image-2838\" src=\"https:\/\/powerembedded.com.br\/blog\/wp-content\/uploads\/2024\/07\/Permissao.png\" alt=\"\" width=\"393\" height=\"58\" srcset=\"https:\/\/powerembedded.com.br\/blog\/wp-content\/uploads\/2024\/07\/Permissao.png 393w, https:\/\/powerembedded.com.br\/blog\/wp-content\/uploads\/2024\/07\/Permissao-300x44.png 300w, https:\/\/powerembedded.com.br\/blog\/wp-content\/uploads\/2024\/07\/Permissao-18x3.png 18w\" sizes=\"(max-width: 393px) 100vw, 393px\" \/><\/p><p>Segue um exemplo abaixo da a\u00e7\u00e3o dessa permiss\u00e3o: a ideia \u00e9 que, se dois usu\u00e1rios visualizarem o relat\u00f3rio e apenas um deles tiver a permiss\u00e3o ativa, somente esse usu\u00e1rio ver\u00e1 o cabe\u00e7alho dos visuais.<\/p><p><strong>Permiss\u00e3o desabilitada:<\/strong>\u00a0<\/p><p><img decoding=\"async\" class=\"alignnone size-full wp-image-2837\" src=\"https:\/\/powerembedded.com.br\/blog\/wp-content\/uploads\/2024\/07\/Captura-de-tela-2024-07-24-115651-1.png\" alt=\"\" width=\"397\" height=\"348\" srcset=\"https:\/\/powerembedded.com.br\/blog\/wp-content\/uploads\/2024\/07\/Captura-de-tela-2024-07-24-115651-1.png 397w, https:\/\/powerembedded.com.br\/blog\/wp-content\/uploads\/2024\/07\/Captura-de-tela-2024-07-24-115651-1-300x263.png 300w, https:\/\/powerembedded.com.br\/blog\/wp-content\/uploads\/2024\/07\/Captura-de-tela-2024-07-24-115651-1-14x12.png 14w\" sizes=\"(max-width: 397px) 100vw, 397px\" \/><\/p><p><strong>Permiss\u00e3o Habilitada:<\/strong>\u00a0<\/p><p><img loading=\"lazy\" decoding=\"async\" class=\"alignnone size-full wp-image-2839\" src=\"https:\/\/powerembedded.com.br\/blog\/wp-content\/uploads\/2024\/07\/Captura-de-tela-2024-07-24-120643.png\" alt=\"\" width=\"405\" height=\"337\" srcset=\"https:\/\/powerembedded.com.br\/blog\/wp-content\/uploads\/2024\/07\/Captura-de-tela-2024-07-24-120643.png 405w, https:\/\/powerembedded.com.br\/blog\/wp-content\/uploads\/2024\/07\/Captura-de-tela-2024-07-24-120643-300x250.png 300w, https:\/\/powerembedded.com.br\/blog\/wp-content\/uploads\/2024\/07\/Captura-de-tela-2024-07-24-120643-14x12.png 14w\" sizes=\"(max-width: 405px) 100vw, 405px\" \/><\/p><p>Este exemplo \u00e9 baseado em um \u00fanico visual, por\u00e9m ao ativar a permiss\u00e3o todos os visuais do relat\u00f3rio ser\u00e3o impactados.<\/p>\t\t\t\t\t\t\t\t<\/div>\n\t\t\t\t<\/div>\n\t\t\t\t\t<\/div>\n\t\t<\/div>\n\t\t\t\t\t<\/div>\n\t\t<\/section>\n\t\t\t\t<\/div>\n\t\t","protected":false},"excerpt":{"rendered":"<p>Como controlar a visualiza\u00e7\u00e3o de cabe\u00e7alhos dos visuais Essa funcionalidade foi desenvolvida para cen\u00e1rios em que voc\u00ea deseja que apenas alguns usu\u00e1rios possam visualizar os itens do cabe\u00e7alho do visual no relat\u00f3rio. No Power Embedded, agora \u00e9 poss\u00edvel ter esse controle por relat\u00f3rio, ou seja, voc\u00ea define em quais relat\u00f3rios e para quais usu\u00e1rios ou&hellip; <br \/> <a class=\"read-more\" href=\"https:\/\/powerembedded.com.br\/blog\/como-controlar-visualizacao-de-cabecalho-dos-visuais\/\">Leia mais<\/a><\/p>\n","protected":false},"author":4,"featured_media":0,"comment_status":"closed","ping_status":"closed","sticky":false,"template":"","format":"standard","meta":{"content-type":"","footnotes":""},"categories":[7],"tags":[],"class_list":["post-2831","post","type-post","status-publish","format-standard","hentry","category-novidades"],"_links":{"self":[{"href":"https:\/\/powerembedded.com.br\/blog\/wp-json\/wp\/v2\/posts\/2831","targetHints":{"allow":["GET"]}}],"collection":[{"href":"https:\/\/powerembedded.com.br\/blog\/wp-json\/wp\/v2\/posts"}],"about":[{"href":"https:\/\/powerembedded.com.br\/blog\/wp-json\/wp\/v2\/types\/post"}],"author":[{"embeddable":true,"href":"https:\/\/powerembedded.com.br\/blog\/wp-json\/wp\/v2\/users\/4"}],"replies":[{"embeddable":true,"href":"https:\/\/powerembedded.com.br\/blog\/wp-json\/wp\/v2\/comments?post=2831"}],"version-history":[{"count":15,"href":"https:\/\/powerembedded.com.br\/blog\/wp-json\/wp\/v2\/posts\/2831\/revisions"}],"predecessor-version":[{"id":3594,"href":"https:\/\/powerembedded.com.br\/blog\/wp-json\/wp\/v2\/posts\/2831\/revisions\/3594"}],"wp:attachment":[{"href":"https:\/\/powerembedded.com.br\/blog\/wp-json\/wp\/v2\/media?parent=2831"}],"wp:term":[{"taxonomy":"category","embeddable":true,"href":"https:\/\/powerembedded.com.br\/blog\/wp-json\/wp\/v2\/categories?post=2831"},{"taxonomy":"post_tag","embeddable":true,"href":"https:\/\/powerembedded.com.br\/blog\/wp-json\/wp\/v2\/tags?post=2831"}],"curies":[{"name":"wp","href":"https:\/\/api.w.org\/{rel}","templated":true}]}}