{"id":3309,"date":"2024-08-03T01:43:19","date_gmt":"2024-08-03T04:43:19","guid":{"rendered":"https:\/\/powerembedded.com.br\/blog\/?p=3309"},"modified":"2024-08-03T01:44:05","modified_gmt":"2024-08-03T04:44:05","slug":"como-alterar-o-tamanho-da-sua-capacidade-de-forma-agendada","status":"publish","type":"post","link":"https:\/\/powerembedded.com.br\/blog\/como-alterar-o-tamanho-da-sua-capacidade-de-forma-agendada\/","title":{"rendered":"Como alterar o tamanho da sua capacidade de forma agendada"},"content":{"rendered":"<div id=\"ez-toc-container\" class=\"ez-toc-v2_0_82_2 counter-hierarchy ez-toc-counter ez-toc-grey ez-toc-container-direction\">\n<div class=\"ez-toc-title-container\">\n<p class=\"ez-toc-title\" style=\"cursor:inherit\">Table of Contents<\/p>\n<span class=\"ez-toc-title-toggle\"><a href=\"#\" class=\"ez-toc-pull-right ez-toc-btn ez-toc-btn-xs ez-toc-btn-default ez-toc-toggle\" aria-label=\"Alternar tabela de conte\u00fado\"><span class=\"ez-toc-js-icon-con\"><span class=\"\"><span class=\"eztoc-hide\" style=\"display:none;\">Toggle<\/span><span class=\"ez-toc-icon-toggle-span\"><svg style=\"fill: #999;color:#999\" xmlns=\"http:\/\/www.w3.org\/2000\/svg\" class=\"list-377408\" width=\"20px\" height=\"20px\" viewBox=\"0 0 24 24\" fill=\"none\"><path d=\"M6 6H4v2h2V6zm14 0H8v2h12V6zM4 11h2v2H4v-2zm16 0H8v2h12v-2zM4 16h2v2H4v-2zm16 0H8v2h12v-2z\" fill=\"currentColor\"><\/path><\/svg><svg style=\"fill: #999;color:#999\" class=\"arrow-unsorted-368013\" xmlns=\"http:\/\/www.w3.org\/2000\/svg\" width=\"10px\" height=\"10px\" viewBox=\"0 0 24 24\" version=\"1.2\" baseProfile=\"tiny\"><path d=\"M18.2 9.3l-6.2-6.3-6.2 6.3c-.2.2-.3.4-.3.7s.1.5.3.7c.2.2.4.3.7.3h11c.3 0 .5-.1.7-.3.2-.2.3-.5.3-.7s-.1-.5-.3-.7zM5.8 14.7l6.2 6.3 6.2-6.3c.2-.2.3-.5.3-.7s-.1-.5-.3-.7c-.2-.2-.4-.3-.7-.3h-11c-.3 0-.5.1-.7.3-.2.2-.3.5-.3.7s.1.5.3.7z\"\/><\/svg><\/span><\/span><\/span><\/a><\/span><\/div>\n<nav><ul class='ez-toc-list ez-toc-list-level-1 ' ><li class='ez-toc-page-1 ez-toc-heading-level-2'><a class=\"ez-toc-link ez-toc-heading-1\" href=\"https:\/\/powerembedded.com.br\/blog\/como-alterar-o-tamanho-da-sua-capacidade-de-forma-agendada\/#Alterando_o_tamanho_da_sua_capacidade_no_Power_Embedded_de_forma_simples_e_agendada\" >Alterando o tamanho da sua capacidade no Power Embedded de forma simples e agendada<\/a><\/li><li class='ez-toc-page-1 ez-toc-heading-level-2'><a class=\"ez-toc-link ez-toc-heading-2\" href=\"https:\/\/powerembedded.com.br\/blog\/como-alterar-o-tamanho-da-sua-capacidade-de-forma-agendada\/#Como_funciona\" >Como funciona?<\/a><\/li><li class='ez-toc-page-1 ez-toc-heading-level-2'><a class=\"ez-toc-link ez-toc-heading-3\" href=\"https:\/\/powerembedded.com.br\/blog\/como-alterar-o-tamanho-da-sua-capacidade-de-forma-agendada\/#Exemplo_pratico_de_configuracao\" >Exemplo pr\u00e1tico de configura\u00e7\u00e3o<\/a><\/li><li class='ez-toc-page-1 ez-toc-heading-level-2'><a class=\"ez-toc-link ez-toc-heading-4\" href=\"https:\/\/powerembedded.com.br\/blog\/como-alterar-o-tamanho-da-sua-capacidade-de-forma-agendada\/#Regras_de_funcionamento\" >Regras de funcionamento<\/a><\/li><\/ul><\/nav><\/div>\n<h2><span class=\"ez-toc-section\" id=\"Alterando_o_tamanho_da_sua_capacidade_no_Power_Embedded_de_forma_simples_e_agendada\"><\/span>Alterando o tamanho da sua capacidade no Power Embedded de forma simples e agendada<span class=\"ez-toc-section-end\"><\/span><\/h2>\n<p>Voc\u00ea j\u00e1 se deparou com a necessidade de ajustar a capacidade no Azure durante per\u00edodos de alta demanda por relat\u00f3rios? Com o Power Embedded, agora voc\u00ea pode fazer isso de forma simples e r\u00e1pida diretamente pelo portal. A nova funcionalidade permite alterar o SKU da capacidade com base em um agendamento, tornando o processo muito mais eficiente.<\/p>\n<p>Antes, essas altera\u00e7\u00f5es precisavam ser feitas pelo Azure ou atrav\u00e9s de uma API. Agora, voc\u00ea pode gerenciar tudo de forma centralizada e pr\u00e1tica. \u00c9 poss\u00edvel ajustar a capacidade dos recursos, como mudar de F2 para F4 no Microsoft Fabric ou de A1 para A2 no Power BI Embedded, com facilidade. Essa atualiza\u00e7\u00e3o simplifica o processo e atende melhor \u00e0s suas necessidades, especialmente durante picos de demanda. Assim, voc\u00ea pode planejar com mais efici\u00eancia e garantir que, em momentos de alta utiliza\u00e7\u00e3o dos relat\u00f3rios, seu ambiente esteja pronto para atender seus usu\u00e1rios de maneira eficaz.<\/p>\n<h2><span class=\"ez-toc-section\" id=\"Como_funciona\"><\/span>Como funciona?<span class=\"ez-toc-section-end\"><\/span><\/h2>\n<p>Anteriormente, era poss\u00edvel apenas ligar e desligar o recurso pelo portal. Agora, com a nova funcionalidade, \u00e9 poss\u00edvel gerenciar o SKU da capacidade, ou seja, fazer upscale e downscale em hor\u00e1rios espec\u00edficos da semana ou at\u00e9 mesmo em dias espec\u00edficos.<\/p>\n<p>Para usar essa funcionalidade, v\u00e1 at\u00e9 <em><strong>Artefatos &gt; Capacidades &gt; Otimiza\u00e7\u00e3o de Custos<\/strong><\/em> e habilite a permiss\u00e3o <strong>Definir hor\u00e1rio para otimiza\u00e7\u00e3o de custos<\/strong>. Isso permitir\u00e1 que voc\u00ea trabalhe com agendamentos.<\/p>\n<p>Vamos detalhar como funciona a configura\u00e7\u00e3o a seguir.<\/p>\n<p>Ap\u00f3s habilitar um dia da semana, voc\u00ea ver\u00e1 os campos <em>Hora<\/em> e <em>A\u00e7\u00e3o<\/em>. O campo <em>Hora<\/em> define quando a a\u00e7\u00e3o ser\u00e1 realizada, e o campo <em>A\u00e7\u00e3o<\/em> permite escolher entre ligar, desligar ou mudar a capacidade. Anteriormente, as \u00fanicas op\u00e7\u00f5es dispon\u00edveis eram ligar e desligar, mas agora voc\u00ea tamb\u00e9m pode optar por mudar a capacidade, e \u00e9 sobre isso que vamos detalhar.<\/p>\n<p>Ao selecionar a a\u00e7\u00e3o de &#8220;mudar capacidade&#8221;, ser\u00e1 exibido um campo onde voc\u00ea pode escolher o n\u00edvel de capacidade desejado, com informa\u00e7\u00f5es sobre tamanho, processamento e custo. Quando voc\u00ea contrata um recurso, define um tamanho no Azure. Com a nova funcionalidade, se seu modelo for pago pelo uso e voc\u00ea precisar ajustar a capacidade em um determinado per\u00edodo, basta definir uma a\u00e7\u00e3o para mudar a capacidade. Isso ocorrer\u00e1 automaticamente sem que voc\u00ea precise acessar o Azure. Al\u00e9m disso, voc\u00ea pode definir um hor\u00e1rio ou dia espec\u00edfico para que a capacidade retorne ao valor inicial.<\/p>\n<p><img fetchpriority=\"high\" decoding=\"async\" class=\"alignnone size-full wp-image-3294\" src=\"https:\/\/powerembedded.com.br\/blog\/wp-content\/uploads\/2024\/08\/geral.png\" alt=\"\" width=\"1052\" height=\"453\" srcset=\"https:\/\/powerembedded.com.br\/blog\/wp-content\/uploads\/2024\/08\/geral.png 1052w, https:\/\/powerembedded.com.br\/blog\/wp-content\/uploads\/2024\/08\/geral-300x129.png 300w, https:\/\/powerembedded.com.br\/blog\/wp-content\/uploads\/2024\/08\/geral-1024x441.png 1024w, https:\/\/powerembedded.com.br\/blog\/wp-content\/uploads\/2024\/08\/geral-768x331.png 768w, https:\/\/powerembedded.com.br\/blog\/wp-content\/uploads\/2024\/08\/geral-18x8.png 18w\" sizes=\"(max-width: 1052px) 100vw, 1052px\" \/><\/p>\n<p>&nbsp;<\/p>\n<h2><span class=\"ez-toc-section\" id=\"Exemplo_pratico_de_configuracao\"><\/span>Exemplo pr\u00e1tico de configura\u00e7\u00e3o<span class=\"ez-toc-section-end\"><\/span><\/h2>\n<p>Depois de configurar tudo no Azure para gerenciar o recurso diretamente no portal, siga estas etapas para otimizar a capacidade:<\/p>\n<ol>\n<li>Acesse a tela de <a href=\"https:\/\/admin.powerembedded.com.br\/Capacities\" target=\"_blank\" rel=\"noopener\">Gerenciamento de capacidades<\/a><\/li>\n<li>Verifique se a capacidade que voc\u00ea quer controlar est\u00e1 sendo mostrada na lista de capacidades. Caso n\u00e3o esteja, clique no bot\u00e3o <em><strong>Recarregar<\/strong><\/em><\/li>\n<li>Caso apare\u00e7a a mensagem &#8220;N\u00e3o configurado&#8221; ao lado da capacidade que voc\u00ea quer controlar, voc\u00ea precisar\u00e1 configurar a capacidade corretamente no Power Embedded e liberar as permiss\u00f5es necess\u00e1rias para o sistema poder gerenciar a capacidade. Veja mais em <a href=\"https:\/\/powerembedded.com.br\/blog\/ajuda-controle-de-capacidades\/\">Ajuda \u2013 Controle de Capacidades<\/a><\/li>\n<li>Clique no bot\u00e3o <em><strong>A\u00e7\u00f5es<\/strong> <\/em>ao lado da capacidade que voc\u00ea quer alterar e clique na op\u00e7\u00e3o <em><strong>Editar<\/strong><\/em><\/li>\n<li>Na tela de edi\u00e7\u00e3o de capacidades, clique na aba <em><strong>Otimiza\u00e7\u00e3o de Custo<\/strong><\/em><\/li>\n<li>Ative a op\u00e7\u00e3o <strong><em>Otimiza\u00e7\u00e3o de Custo<\/em><\/strong> e selecione <strong><em>Definir hor\u00e1rio para otimiza\u00e7\u00e3o de custos<\/em> para iniciar a configura\u00e7\u00e3o.<\/strong> Isso ser\u00e1 permitir a altera\u00e7\u00f5es agendadas da capacidade.<\/li>\n<\/ol>\n<p>No exemplo abaixo, o SKU inicialmente contratado no Azure foi um F2. Observa-se que a capacidade \u00e9 ativada \u00e0s 08:00 da manh\u00e3. Durante o per\u00edodo das 12:00, quando ocorre um processo de atualiza\u00e7\u00e3o intensivo e a atividade dos usu\u00e1rios \u00e9 alta, optamos por aumentar a capacidade para um n\u00edvel superior, como de F2 para F4. De acordo com as m\u00e9tricas analisadas no Fabric Capacity Metrics, uma F4 \u00e9 adequada para lidar com picos de demanda no nosso cen\u00e1rio.<\/p>\n<p>\u00c0s 16:00, quando o consumo de capacidade diminui, realizamos um downscale para um n\u00edvel menor. Por fim, \u00e0s 18:00, a capacidade \u00e9 desligada e passa a ser ativada por demanda, caso voc\u00ea habilite a permiss\u00e3o para usu\u00e1rios ou grupos. Esse \u00e9 um exemplo pr\u00e1tico da usabilidade dessa nova funcionalidade, importante ressaltar que fica dispon\u00edvel o copiar para onde \u00e9 poss\u00edvel copiar essas informa\u00e7\u00f5es para outros dias da semana.<\/p>\n<p><img decoding=\"async\" class=\"alignnone size-full wp-image-3296\" src=\"https:\/\/powerembedded.com.br\/blog\/wp-content\/uploads\/2024\/08\/processo.png\" alt=\"\" width=\"1291\" height=\"423\" srcset=\"https:\/\/powerembedded.com.br\/blog\/wp-content\/uploads\/2024\/08\/processo.png 1291w, https:\/\/powerembedded.com.br\/blog\/wp-content\/uploads\/2024\/08\/processo-300x98.png 300w, https:\/\/powerembedded.com.br\/blog\/wp-content\/uploads\/2024\/08\/processo-1024x336.png 1024w, https:\/\/powerembedded.com.br\/blog\/wp-content\/uploads\/2024\/08\/processo-768x252.png 768w, https:\/\/powerembedded.com.br\/blog\/wp-content\/uploads\/2024\/08\/processo-18x6.png 18w\" sizes=\"(max-width: 1291px) 100vw, 1291px\" \/><\/p>\n<p>&nbsp;<\/p>\n<h2><span class=\"ez-toc-section\" id=\"Regras_de_funcionamento\"><\/span>Regras de funcionamento<span class=\"ez-toc-section-end\"><\/span><\/h2>\n<ol>\n<li>A funcionalidade s\u00f3 est\u00e1 dispon\u00edvel se o recurso estiver contratado. A avalia\u00e7\u00e3o do Fabric n\u00e3o permite gerenciar a capacidade.<\/li>\n<li>A capacidade precisa estar configurada para aparecer no Power Embedded. Para entender melhor como realizar essa configura\u00e7\u00e3o, acesse <a href=\"https:\/\/powerembedded.com.br\/blog\/ajuda-controle-de-capacidades\/\">Ajuda \u2013 Controle de Capacidades<\/a><\/li>\n<li>Ao alterar o tamanho da capacidade, ela s\u00f3 retornar\u00e1 ao valor inicial se voc\u00ea criar alguma a\u00e7\u00e3o para trocar a capacidade novamente ou alterar manualmente pelo portal do Azure.<\/li>\n<li>Voc\u00ea n\u00e3o precisa ligar a capacidade para mudar a capacidade, ou seja, \u00e9 poss\u00edvel mudar a capacidade mesmo estando pausada e isso n\u00e3o muda a cobran\u00e7a enquanto ela est\u00e1 pausada.<\/li>\n<li>Esse controle de ligar\/desligar a capacidade para reduzir os custos s\u00f3 faz sentido para o modelo de pagamento <strong>Pago pelo uso<\/strong>. Pausar uma capacidade que est\u00e1 no modo <strong>Inst\u00e2ncia reservada<\/strong> n\u00e3o ir\u00e1 reduzir em nada o seu custo mensal, que \u00e9 fixo (s\u00f3 varia com o d\u00f3lar) e s\u00f3 vai gerar indisponibilidade no acesso aos relat\u00f3rios.<\/li>\n<li>Caso sua capacidade esteja no modo <strong>Inst\u00e2ncia reservada<\/strong> e voc\u00ea altere a capacidade para um SKU maior que o atual, voc\u00ea continuar\u00e1 sendo cobrado pela inst\u00e2ncia reservada normalmente, al\u00e9m do tempo que utilizou a capacidade maior que a reserva contrada. Ex: Voc\u00ea tem uma reserva de F2 e durante 8h, voc\u00ea alterou para a F8. Voc\u00ea ser\u00e1 cobrado normalmente pela sua inst\u00e2ncia reservada F2, e a Microsoft ir\u00e1 cobrar um valor equivalente a um F6 (F8 &#8211; F2), no modo <strong>Pago pelo uso<\/strong>, por um per\u00edodo de 8h.<\/li>\n<\/ol>\n<p>&nbsp;<\/p>\n","protected":false},"excerpt":{"rendered":"<p>Alterando o tamanho da sua capacidade no Power Embedded de forma simples e agendada Voc\u00ea j\u00e1 se deparou com a necessidade de ajustar a capacidade no Azure durante per\u00edodos de alta demanda por relat\u00f3rios? Com o Power Embedded, agora voc\u00ea pode fazer isso de forma simples e r\u00e1pida diretamente pelo portal. A nova funcionalidade permite&hellip; <br \/> <a class=\"read-more\" href=\"https:\/\/powerembedded.com.br\/blog\/como-alterar-o-tamanho-da-sua-capacidade-de-forma-agendada\/\">Leia mais<\/a><\/p>\n","protected":false},"author":4,"featured_media":0,"comment_status":"open","ping_status":"open","sticky":false,"template":"","format":"standard","meta":{"content-type":"","footnotes":""},"categories":[7],"tags":[],"class_list":["post-3309","post","type-post","status-publish","format-standard","hentry","category-novidades"],"_links":{"self":[{"href":"https:\/\/powerembedded.com.br\/blog\/wp-json\/wp\/v2\/posts\/3309","targetHints":{"allow":["GET"]}}],"collection":[{"href":"https:\/\/powerembedded.com.br\/blog\/wp-json\/wp\/v2\/posts"}],"about":[{"href":"https:\/\/powerembedded.com.br\/blog\/wp-json\/wp\/v2\/types\/post"}],"author":[{"embeddable":true,"href":"https:\/\/powerembedded.com.br\/blog\/wp-json\/wp\/v2\/users\/4"}],"replies":[{"embeddable":true,"href":"https:\/\/powerembedded.com.br\/blog\/wp-json\/wp\/v2\/comments?post=3309"}],"version-history":[{"count":4,"href":"https:\/\/powerembedded.com.br\/blog\/wp-json\/wp\/v2\/posts\/3309\/revisions"}],"predecessor-version":[{"id":3337,"href":"https:\/\/powerembedded.com.br\/blog\/wp-json\/wp\/v2\/posts\/3309\/revisions\/3337"}],"wp:attachment":[{"href":"https:\/\/powerembedded.com.br\/blog\/wp-json\/wp\/v2\/media?parent=3309"}],"wp:term":[{"taxonomy":"category","embeddable":true,"href":"https:\/\/powerembedded.com.br\/blog\/wp-json\/wp\/v2\/categories?post=3309"},{"taxonomy":"post_tag","embeddable":true,"href":"https:\/\/powerembedded.com.br\/blog\/wp-json\/wp\/v2\/tags?post=3309"}],"curies":[{"name":"wp","href":"https:\/\/api.w.org\/{rel}","templated":true}]}}