{"id":3496,"date":"2024-08-07T09:40:51","date_gmt":"2024-08-07T12:40:51","guid":{"rendered":"https:\/\/powerembedded.com.br\/blog\/?p=3496"},"modified":"2024-08-07T09:40:51","modified_gmt":"2024-08-07T12:40:51","slug":"nova-visualizacao-de-pastas","status":"publish","type":"post","link":"https:\/\/powerembedded.com.br\/blog\/nova-visualizacao-de-pastas\/","title":{"rendered":"Nova visualiza\u00e7\u00e3o de pastas"},"content":{"rendered":"<p>O Power Embedded j\u00e1 suporta uma estrutura hier\u00e1rquica de pastas desde as primeiras vers\u00f5es beta que foram liberadas para alguns clientes, em Junho\/2023. Esse foi um dos diferenciais da ferramenta por muito tempo, uma vez que a Microsoft liberou o recurso de pastas no Power BI somente em Mar\u00e7o\/2023, 9 meses depois.<\/p>\n<p>Este era o layout da primeira vers\u00e3o do Power Embedded:<\/p>\n<p><img fetchpriority=\"high\" decoding=\"async\" class=\"\" src=\"https:\/\/powerembedded.com.br\/blog\/wp-content\/uploads\/2023\/07\/Visualizacao-Pastas.png\" width=\"898\" height=\"606\" \/><\/p>\n<p>&nbsp;<\/p>\n<p>Quase 1 ano depois, fizemos uma s\u00e9rie de melhorias no Power Embedded e em 31\/07\/2024, liberamos uma nova UI no portal, moderna, linda, remodelada e permitindo definir \u00edcones para as pastas:<\/p>\n<p><a href=\"https:\/\/powerembedded.com.br\/blog\/wp-content\/uploads\/2024\/08\/Power-Embedded-Nova-UI.png\"><img decoding=\"async\" class=\"alignnone  wp-image-3497\" src=\"https:\/\/powerembedded.com.br\/blog\/wp-content\/uploads\/2024\/08\/Power-Embedded-Nova-UI.png\" alt=\"\" width=\"905\" height=\"517\" srcset=\"https:\/\/powerembedded.com.br\/blog\/wp-content\/uploads\/2024\/08\/Power-Embedded-Nova-UI.png 1426w, https:\/\/powerembedded.com.br\/blog\/wp-content\/uploads\/2024\/08\/Power-Embedded-Nova-UI-300x171.png 300w, https:\/\/powerembedded.com.br\/blog\/wp-content\/uploads\/2024\/08\/Power-Embedded-Nova-UI-1024x585.png 1024w, https:\/\/powerembedded.com.br\/blog\/wp-content\/uploads\/2024\/08\/Power-Embedded-Nova-UI-768x439.png 768w, https:\/\/powerembedded.com.br\/blog\/wp-content\/uploads\/2024\/08\/Power-Embedded-Nova-UI-18x10.png 18w\" sizes=\"(max-width: 905px) 100vw, 905px\" \/><\/a><\/p>\n<p>&nbsp;<\/p>\n<p>Mas ainda assim, a equipe de UI\/UX, junto com feedback de alguns usu\u00e1rios, sentiu que as pastas poderiam ter se aproveitar do visual de card para entregar uma experi\u00eancia mais personalizada para os clientes.<\/p>\n<p>Pensando nessa necessidade, agora \u00e9 poss\u00edvel escolher o tipo de visualiza\u00e7\u00e3o das pastas no sistema:<\/p>\n<p><a href=\"https:\/\/powerembedded.com.br\/blog\/wp-content\/uploads\/2024\/08\/Power-Embedded-Nova-UI-das-pastas.png\"><img decoding=\"async\" class=\"alignnone  wp-image-3498\" src=\"https:\/\/powerembedded.com.br\/blog\/wp-content\/uploads\/2024\/08\/Power-Embedded-Nova-UI-das-pastas.png\" alt=\"\" width=\"900\" height=\"467\" srcset=\"https:\/\/powerembedded.com.br\/blog\/wp-content\/uploads\/2024\/08\/Power-Embedded-Nova-UI-das-pastas.png 1349w, https:\/\/powerembedded.com.br\/blog\/wp-content\/uploads\/2024\/08\/Power-Embedded-Nova-UI-das-pastas-300x156.png 300w, https:\/\/powerembedded.com.br\/blog\/wp-content\/uploads\/2024\/08\/Power-Embedded-Nova-UI-das-pastas-1024x531.png 1024w, https:\/\/powerembedded.com.br\/blog\/wp-content\/uploads\/2024\/08\/Power-Embedded-Nova-UI-das-pastas-768x399.png 768w, https:\/\/powerembedded.com.br\/blog\/wp-content\/uploads\/2024\/08\/Power-Embedded-Nova-UI-das-pastas-18x9.png 18w\" sizes=\"(max-width: 900px) 100vw, 900px\" \/><\/a><\/p>\n<p>&nbsp;<\/p>\n<p>Utilizando o tipo de visualiza\u00e7\u00e3o &#8220;Cart\u00e3o&#8221; para as pastas, essa ser\u00e1 a nova forma como o Power Embedded ir\u00e1 apresentar as pastas:<\/p>\n<p><a href=\"https:\/\/powerembedded.com.br\/blog\/wp-content\/uploads\/2024\/08\/Power-Embedded-Nova-UI-das-pastas-2.png\"><img loading=\"lazy\" decoding=\"async\" class=\"alignnone  wp-image-3499\" src=\"https:\/\/powerembedded.com.br\/blog\/wp-content\/uploads\/2024\/08\/Power-Embedded-Nova-UI-das-pastas-2.png\" alt=\"\" width=\"886\" height=\"506\" srcset=\"https:\/\/powerembedded.com.br\/blog\/wp-content\/uploads\/2024\/08\/Power-Embedded-Nova-UI-das-pastas-2.png 1426w, https:\/\/powerembedded.com.br\/blog\/wp-content\/uploads\/2024\/08\/Power-Embedded-Nova-UI-das-pastas-2-300x171.png 300w, https:\/\/powerembedded.com.br\/blog\/wp-content\/uploads\/2024\/08\/Power-Embedded-Nova-UI-das-pastas-2-1024x585.png 1024w, https:\/\/powerembedded.com.br\/blog\/wp-content\/uploads\/2024\/08\/Power-Embedded-Nova-UI-das-pastas-2-768x438.png 768w, https:\/\/powerembedded.com.br\/blog\/wp-content\/uploads\/2024\/08\/Power-Embedded-Nova-UI-das-pastas-2-18x10.png 18w\" sizes=\"(max-width: 886px) 100vw, 886px\" \/><\/a><\/p>\n<p>&nbsp;<\/p>\n<p>Caso voc\u00ea personalize as imagens das pastas, ficaria assim, entregando ainda mais personaliza\u00e7\u00e3o ao sistema:<\/p>\n<p><a href=\"https:\/\/powerembedded.com.br\/blog\/wp-content\/uploads\/2024\/08\/Power-Embedded-Nova-UI-das-pastas-3.png\"><img loading=\"lazy\" decoding=\"async\" class=\"alignnone  wp-image-3500\" src=\"https:\/\/powerembedded.com.br\/blog\/wp-content\/uploads\/2024\/08\/Power-Embedded-Nova-UI-das-pastas-3.png\" alt=\"\" width=\"891\" height=\"509\" srcset=\"https:\/\/powerembedded.com.br\/blog\/wp-content\/uploads\/2024\/08\/Power-Embedded-Nova-UI-das-pastas-3.png 1426w, https:\/\/powerembedded.com.br\/blog\/wp-content\/uploads\/2024\/08\/Power-Embedded-Nova-UI-das-pastas-3-300x171.png 300w, https:\/\/powerembedded.com.br\/blog\/wp-content\/uploads\/2024\/08\/Power-Embedded-Nova-UI-das-pastas-3-1024x585.png 1024w, https:\/\/powerembedded.com.br\/blog\/wp-content\/uploads\/2024\/08\/Power-Embedded-Nova-UI-das-pastas-3-768x439.png 768w, https:\/\/powerembedded.com.br\/blog\/wp-content\/uploads\/2024\/08\/Power-Embedded-Nova-UI-das-pastas-3-18x10.png 18w\" sizes=\"(max-width: 891px) 100vw, 891px\" \/><\/a><\/p>\n<p>&nbsp;<\/p>\n<p>O menu lateral tamb\u00e9m est\u00e1 mostrando agora o \u00edcone da pasta em quest\u00e3o (ou uma pasta branca, caso n\u00e3o tenha \u00edcone definido):<\/p>\n<p><a href=\"https:\/\/powerembedded.com.br\/blog\/wp-content\/uploads\/2024\/08\/Power-Embedded-Nova-UI-das-pastas-5.png\"><img loading=\"lazy\" decoding=\"async\" class=\"alignnone size-full wp-image-3502\" src=\"https:\/\/powerembedded.com.br\/blog\/wp-content\/uploads\/2024\/08\/Power-Embedded-Nova-UI-das-pastas-5.png\" alt=\"\" width=\"251\" height=\"680\" srcset=\"https:\/\/powerembedded.com.br\/blog\/wp-content\/uploads\/2024\/08\/Power-Embedded-Nova-UI-das-pastas-5.png 251w, https:\/\/powerembedded.com.br\/blog\/wp-content\/uploads\/2024\/08\/Power-Embedded-Nova-UI-das-pastas-5-111x300.png 111w, https:\/\/powerembedded.com.br\/blog\/wp-content\/uploads\/2024\/08\/Power-Embedded-Nova-UI-das-pastas-5-4x12.png 4w\" sizes=\"(max-width: 251px) 100vw, 251px\" \/><\/a><\/p>\n<p>&nbsp;<\/p>\n<p>E na vers\u00e3o recolhida do menu, tamb\u00e9m \u00e9 poss\u00edvel visualizar os \u00edcones personalizados:<\/p>\n<p><a href=\"https:\/\/powerembedded.com.br\/blog\/wp-content\/uploads\/2024\/08\/Power-Embedded-Nova-UI-das-pastas-4.png\"><img loading=\"lazy\" decoding=\"async\" class=\"alignnone size-full wp-image-3501\" src=\"https:\/\/powerembedded.com.br\/blog\/wp-content\/uploads\/2024\/08\/Power-Embedded-Nova-UI-das-pastas-4.png\" alt=\"\" width=\"67\" height=\"208\" srcset=\"https:\/\/powerembedded.com.br\/blog\/wp-content\/uploads\/2024\/08\/Power-Embedded-Nova-UI-das-pastas-4.png 67w, https:\/\/powerembedded.com.br\/blog\/wp-content\/uploads\/2024\/08\/Power-Embedded-Nova-UI-das-pastas-4-4x12.png 4w\" sizes=\"(max-width: 67px) 100vw, 67px\" \/><\/a><\/p>\n<p>&nbsp;<\/p>\n<p>Inclusive, nas sub-pastas isso tamb\u00e9m se aplica.<\/p>\n","protected":false},"excerpt":{"rendered":"<p>O Power Embedded j\u00e1 suporta uma estrutura hier\u00e1rquica de pastas desde as primeiras vers\u00f5es beta que foram liberadas para alguns clientes, em Junho\/2023. Esse foi um dos diferenciais da ferramenta por muito tempo, uma vez que a Microsoft liberou o recurso de pastas no Power BI somente em Mar\u00e7o\/2023, 9 meses depois. Este era o&hellip; <br \/> <a class=\"read-more\" href=\"https:\/\/powerembedded.com.br\/blog\/nova-visualizacao-de-pastas\/\">Leia mais<\/a><\/p>\n","protected":false},"author":1,"featured_media":0,"comment_status":"open","ping_status":"open","sticky":false,"template":"","format":"standard","meta":{"content-type":"","footnotes":""},"categories":[7],"tags":[],"class_list":["post-3496","post","type-post","status-publish","format-standard","hentry","category-novidades"],"_links":{"self":[{"href":"https:\/\/powerembedded.com.br\/blog\/wp-json\/wp\/v2\/posts\/3496","targetHints":{"allow":["GET"]}}],"collection":[{"href":"https:\/\/powerembedded.com.br\/blog\/wp-json\/wp\/v2\/posts"}],"about":[{"href":"https:\/\/powerembedded.com.br\/blog\/wp-json\/wp\/v2\/types\/post"}],"author":[{"embeddable":true,"href":"https:\/\/powerembedded.com.br\/blog\/wp-json\/wp\/v2\/users\/1"}],"replies":[{"embeddable":true,"href":"https:\/\/powerembedded.com.br\/blog\/wp-json\/wp\/v2\/comments?post=3496"}],"version-history":[{"count":1,"href":"https:\/\/powerembedded.com.br\/blog\/wp-json\/wp\/v2\/posts\/3496\/revisions"}],"predecessor-version":[{"id":3503,"href":"https:\/\/powerembedded.com.br\/blog\/wp-json\/wp\/v2\/posts\/3496\/revisions\/3503"}],"wp:attachment":[{"href":"https:\/\/powerembedded.com.br\/blog\/wp-json\/wp\/v2\/media?parent=3496"}],"wp:term":[{"taxonomy":"category","embeddable":true,"href":"https:\/\/powerembedded.com.br\/blog\/wp-json\/wp\/v2\/categories?post=3496"},{"taxonomy":"post_tag","embeddable":true,"href":"https:\/\/powerembedded.com.br\/blog\/wp-json\/wp\/v2\/tags?post=3496"}],"curies":[{"name":"wp","href":"https:\/\/api.w.org\/{rel}","templated":true}]}}