{"id":3669,"date":"2024-08-15T10:48:00","date_gmt":"2024-08-15T13:48:00","guid":{"rendered":"https:\/\/powerembedded.com.br\/blog\/?p=3669"},"modified":"2024-08-15T10:53:52","modified_gmt":"2024-08-15T13:53:52","slug":"seu-periodo-de-avaliacao-gratuito-do-fabric-esta-acabando","status":"publish","type":"post","link":"https:\/\/powerembedded.com.br\/blog\/seu-periodo-de-avaliacao-gratuito-do-fabric-esta-acabando\/","title":{"rendered":"Seu per\u00edodo de avalia\u00e7\u00e3o gratuito do Fabric est\u00e1 acabando?"},"content":{"rendered":"<p>Parece que o per\u00edodo de avalia\u00e7\u00e3o de 60 dias do Microsoft Fabric, que estava ativado em muitos clientes desde Maio de 2023 e a Microsoft estava renovando automaticamente, vai acabar mesmo.<\/p>\n<p><a href=\"https:\/\/powerembedded.com.br\/blog\/wp-content\/uploads\/2024\/08\/1723725377172.jpeg\"><img fetchpriority=\"high\" decoding=\"async\" class=\"alignnone size-full wp-image-3670\" src=\"https:\/\/powerembedded.com.br\/blog\/wp-content\/uploads\/2024\/08\/1723725377172.jpeg\" alt=\"\" width=\"813\" height=\"266\" srcset=\"https:\/\/powerembedded.com.br\/blog\/wp-content\/uploads\/2024\/08\/1723725377172.jpeg 813w, https:\/\/powerembedded.com.br\/blog\/wp-content\/uploads\/2024\/08\/1723725377172-300x98.jpeg 300w, https:\/\/powerembedded.com.br\/blog\/wp-content\/uploads\/2024\/08\/1723725377172-768x251.jpeg 768w, https:\/\/powerembedded.com.br\/blog\/wp-content\/uploads\/2024\/08\/1723725377172-18x6.jpeg 18w\" sizes=\"(max-width: 813px) 100vw, 813px\" \/><\/a><\/p>\n<p>Embora a Microsoft tenha renovado v\u00e1rias vezes esse per\u00edodo de avalia\u00e7\u00e3o gratuita nesses \u00faltimos 12 meses, e pode ser que renovem novamente (e n\u00e3o temos como saber se isso ir\u00e1 acontecer ou n\u00e3o), ela est\u00e1 dando v\u00e1rios ind\u00edcios e alertas que essa renova\u00e7\u00e3o gratuita est\u00e1 pr\u00f3xima do fim e ir\u00e3o passar a oferecer somente os 60 dias de avalia\u00e7\u00e3o mesmo.<\/p>\n<p><strong>N\u00e3o seja pego de surpresa e tenha seu ambiente de Power BI parado por conta disso.<\/strong> J\u00e1 entre em contato com seu parceiro Microsoft e deixe o cadastro pronto para realizar a contrata\u00e7\u00e3o imediata, caso realmente o trial acabe, uma vez que esse processo de cadastro pode demorar alguns dias. Voc\u00ea n\u00e3o tem cobran\u00e7as s\u00f3 por fazer o cadastro de parceiro, apenas quando contrata algum recurso na assinatura que \u00e9 criada quando formaliza a parceria com alguma empresa.<\/p>\n<p>Caso voc\u00ea n\u00e3o tenha parceiro Microsoft ou queira conhecer as vantagens de ter a Power Tuning como sua parceira de Azure \/ licenciamento, acesse o link abaixo:<br \/>\n<a href=\"https:\/\/powertuning.com.br\/parceria-azure\" target=\"_blank\" rel=\"noopener\">https:\/\/powertuning.com.br\/parceria-azure<\/a><\/p>\n","protected":false},"excerpt":{"rendered":"<p>Parece que o per\u00edodo de avalia\u00e7\u00e3o de 60 dias do Microsoft Fabric, que estava ativado em muitos clientes desde Maio de 2023 e a Microsoft estava renovando automaticamente, vai acabar mesmo. Embora a Microsoft tenha renovado v\u00e1rias vezes esse per\u00edodo de avalia\u00e7\u00e3o gratuita nesses \u00faltimos 12 meses, e pode ser que renovem novamente (e n\u00e3o&hellip; <br \/> <a class=\"read-more\" href=\"https:\/\/powerembedded.com.br\/blog\/seu-periodo-de-avaliacao-gratuito-do-fabric-esta-acabando\/\">Leia mais<\/a><\/p>\n","protected":false},"author":1,"featured_media":0,"comment_status":"open","ping_status":"open","sticky":false,"template":"","format":"standard","meta":{"content-type":"","footnotes":""},"categories":[7],"tags":[],"class_list":["post-3669","post","type-post","status-publish","format-standard","hentry","category-novidades"],"_links":{"self":[{"href":"https:\/\/powerembedded.com.br\/blog\/wp-json\/wp\/v2\/posts\/3669","targetHints":{"allow":["GET"]}}],"collection":[{"href":"https:\/\/powerembedded.com.br\/blog\/wp-json\/wp\/v2\/posts"}],"about":[{"href":"https:\/\/powerembedded.com.br\/blog\/wp-json\/wp\/v2\/types\/post"}],"author":[{"embeddable":true,"href":"https:\/\/powerembedded.com.br\/blog\/wp-json\/wp\/v2\/users\/1"}],"replies":[{"embeddable":true,"href":"https:\/\/powerembedded.com.br\/blog\/wp-json\/wp\/v2\/comments?post=3669"}],"version-history":[{"count":1,"href":"https:\/\/powerembedded.com.br\/blog\/wp-json\/wp\/v2\/posts\/3669\/revisions"}],"predecessor-version":[{"id":3671,"href":"https:\/\/powerembedded.com.br\/blog\/wp-json\/wp\/v2\/posts\/3669\/revisions\/3671"}],"wp:attachment":[{"href":"https:\/\/powerembedded.com.br\/blog\/wp-json\/wp\/v2\/media?parent=3669"}],"wp:term":[{"taxonomy":"category","embeddable":true,"href":"https:\/\/powerembedded.com.br\/blog\/wp-json\/wp\/v2\/categories?post=3669"},{"taxonomy":"post_tag","embeddable":true,"href":"https:\/\/powerembedded.com.br\/blog\/wp-json\/wp\/v2\/tags?post=3669"}],"curies":[{"name":"wp","href":"https:\/\/api.w.org\/{rel}","templated":true}]}}