{"id":3826,"date":"2024-08-28T22:55:47","date_gmt":"2024-08-29T01:55:47","guid":{"rendered":"https:\/\/powerembedded.com.br\/blog\/?p=3826"},"modified":"2024-08-28T23:18:29","modified_gmt":"2024-08-29T02:18:29","slug":"publique-seus-relatorios-pelo-power-embedded","status":"publish","type":"post","link":"https:\/\/powerembedded.com.br\/blog\/publique-seus-relatorios-pelo-power-embedded\/","title":{"rendered":"Publique seus relat\u00f3rios pelo Power Embedded"},"content":{"rendered":"<p>Uma das maiores solicita\u00e7\u00f5es dos nossos usu\u00e1rios \u00e9 conseguir publicar os relat\u00f3rios do Power BI que est\u00e3o localmente em seus computadores para os workspaces no Power BI servi\u00e7o, dando uma liberdade e autonomia maior para os usu\u00e1rios.<\/p>\n<p>Por este motivo, hoje estamos liberando essa funcionalidade para todos os nossos clientes!<\/p>\n<div id=\"ez-toc-container\" class=\"ez-toc-v2_0_82_2 counter-hierarchy ez-toc-counter ez-toc-grey ez-toc-container-direction\">\n<div class=\"ez-toc-title-container\">\n<p class=\"ez-toc-title\" style=\"cursor:inherit\">Table of Contents<\/p>\n<span class=\"ez-toc-title-toggle\"><a href=\"#\" class=\"ez-toc-pull-right ez-toc-btn ez-toc-btn-xs ez-toc-btn-default ez-toc-toggle\" aria-label=\"Alternar tabela de conte\u00fado\"><span class=\"ez-toc-js-icon-con\"><span class=\"\"><span class=\"eztoc-hide\" style=\"display:none;\">Toggle<\/span><span class=\"ez-toc-icon-toggle-span\"><svg style=\"fill: #999;color:#999\" xmlns=\"http:\/\/www.w3.org\/2000\/svg\" class=\"list-377408\" width=\"20px\" height=\"20px\" viewBox=\"0 0 24 24\" fill=\"none\"><path d=\"M6 6H4v2h2V6zm14 0H8v2h12V6zM4 11h2v2H4v-2zm16 0H8v2h12v-2zM4 16h2v2H4v-2zm16 0H8v2h12v-2z\" fill=\"currentColor\"><\/path><\/svg><svg style=\"fill: #999;color:#999\" class=\"arrow-unsorted-368013\" xmlns=\"http:\/\/www.w3.org\/2000\/svg\" width=\"10px\" height=\"10px\" viewBox=\"0 0 24 24\" version=\"1.2\" baseProfile=\"tiny\"><path d=\"M18.2 9.3l-6.2-6.3-6.2 6.3c-.2.2-.3.4-.3.7s.1.5.3.7c.2.2.4.3.7.3h11c.3 0 .5-.1.7-.3.2-.2.3-.5.3-.7s-.1-.5-.3-.7zM5.8 14.7l6.2 6.3 6.2-6.3c.2-.2.3-.5.3-.7s-.1-.5-.3-.7c-.2-.2-.4-.3-.7-.3h-11c-.3 0-.5.1-.7.3-.2.2-.3.5-.3.7s.1.5.3.7z\"\/><\/svg><\/span><\/span><\/span><\/a><\/span><\/div>\n<nav><ul class='ez-toc-list ez-toc-list-level-1 ' ><li class='ez-toc-page-1 ez-toc-heading-level-2'><a class=\"ez-toc-link ez-toc-heading-1\" href=\"https:\/\/powerembedded.com.br\/blog\/publique-seus-relatorios-pelo-power-embedded\/#Publicando_relatorios_do_Power_BI\" >Publicando relat\u00f3rios do Power BI<\/a><\/li><li class='ez-toc-page-1 ez-toc-heading-level-2'><a class=\"ez-toc-link ez-toc-heading-2\" href=\"https:\/\/powerembedded.com.br\/blog\/publique-seus-relatorios-pelo-power-embedded\/#Criar_uma_conta_de_armazenamento\" >Criar uma conta de armazenamento<\/a><\/li><li class='ez-toc-page-1 ez-toc-heading-level-2'><a class=\"ez-toc-link ez-toc-heading-3\" href=\"https:\/\/powerembedded.com.br\/blog\/publique-seus-relatorios-pelo-power-embedded\/#Configuracao_da_conta_de_armazenamento\" >Configura\u00e7\u00e3o da conta de armazenamento<\/a><\/li><\/ul><\/nav><\/div>\n<h2><span class=\"ez-toc-section\" id=\"Publicando_relatorios_do_Power_BI\"><\/span>Publicando relat\u00f3rios do Power BI<span class=\"ez-toc-section-end\"><\/span><\/h2>\n<p>Para publicar relat\u00f3rios do Power BI, diretamente pelo Power Embedded, acesse a p\u00e1gina de <a href=\"https:\/\/admin.powerembedded.com.br\/Reports\" target=\"_blank\" rel=\"noopener\">Relat\u00f3rios<\/a>.<\/p>\n<p>Clique no bot\u00e3o <em><strong>Importar<\/strong><\/em> &gt; <em><strong>Arquivo do Power BI<\/strong><\/em><\/p>\n<p><a href=\"https:\/\/powerembedded.com.br\/blog\/wp-content\/uploads\/2024\/08\/Power-Embedded-Upload-do-PBIX-1.png\"><img fetchpriority=\"high\" decoding=\"async\" class=\"alignnone size-full wp-image-3829\" src=\"https:\/\/powerembedded.com.br\/blog\/wp-content\/uploads\/2024\/08\/Power-Embedded-Upload-do-PBIX-1.png\" alt=\"\" width=\"1372\" height=\"320\" srcset=\"https:\/\/powerembedded.com.br\/blog\/wp-content\/uploads\/2024\/08\/Power-Embedded-Upload-do-PBIX-1.png 1372w, https:\/\/powerembedded.com.br\/blog\/wp-content\/uploads\/2024\/08\/Power-Embedded-Upload-do-PBIX-1-300x70.png 300w, https:\/\/powerembedded.com.br\/blog\/wp-content\/uploads\/2024\/08\/Power-Embedded-Upload-do-PBIX-1-1024x239.png 1024w, https:\/\/powerembedded.com.br\/blog\/wp-content\/uploads\/2024\/08\/Power-Embedded-Upload-do-PBIX-1-768x179.png 768w, https:\/\/powerembedded.com.br\/blog\/wp-content\/uploads\/2024\/08\/Power-Embedded-Upload-do-PBIX-1-18x4.png 18w\" sizes=\"(max-width: 1372px) 100vw, 1372px\" \/><\/a><\/p>\n<p>Na tela que foi aberta, <em><strong>selecione o arquivo<\/strong><\/em> que deseja publicar.<\/p>\n<p><a href=\"https:\/\/powerembedded.com.br\/blog\/wp-content\/uploads\/2024\/08\/Power-Embedded-Configuracao-da-Conta-9.png\"><img decoding=\"async\" class=\"alignnone size-full wp-image-3841\" src=\"https:\/\/powerembedded.com.br\/blog\/wp-content\/uploads\/2024\/08\/Power-Embedded-Configuracao-da-Conta-9.png\" alt=\"\" width=\"1426\" height=\"528\" srcset=\"https:\/\/powerembedded.com.br\/blog\/wp-content\/uploads\/2024\/08\/Power-Embedded-Configuracao-da-Conta-9.png 1426w, https:\/\/powerembedded.com.br\/blog\/wp-content\/uploads\/2024\/08\/Power-Embedded-Configuracao-da-Conta-9-300x111.png 300w, https:\/\/powerembedded.com.br\/blog\/wp-content\/uploads\/2024\/08\/Power-Embedded-Configuracao-da-Conta-9-1024x379.png 1024w, https:\/\/powerembedded.com.br\/blog\/wp-content\/uploads\/2024\/08\/Power-Embedded-Configuracao-da-Conta-9-768x284.png 768w, https:\/\/powerembedded.com.br\/blog\/wp-content\/uploads\/2024\/08\/Power-Embedded-Configuracao-da-Conta-9-18x7.png 18w\" sizes=\"(max-width: 1426px) 100vw, 1426px\" \/><\/a><\/p>\n<p>Ap\u00f3s isso, selecione <em><strong>em qual workspace<\/strong><\/em> voc\u00ea deseja publicar o relat\u00f3rio.<\/p>\n<p>Agora voc\u00ea precisa definir o que fazer se j\u00e1 existir um modelo sem\u00e2ntico com o mesmo nome do arquivo que voc\u00ea est\u00e1 importando:<\/p>\n<ul>\n<li><em><strong>Ignorar (cria com o mesmo nome)<\/strong>:\u00a0<\/em>Se j\u00e1 existir um conjunto de dados com o mesmo nome, a opera\u00e7\u00e3o de importa\u00e7\u00e3o criar\u00e1 um novo conjunto de dados com o mesmo nome.<\/li>\n<li><em><strong>Cancelar o envio:\u00a0<\/strong><\/em>Se o conjunto de dados com o mesmo nome j\u00e1 existirem, a opera\u00e7\u00e3o de importa\u00e7\u00e3o ser\u00e1 cancelada.<\/li>\n<li><em><strong>Criar ou sobrescrever: <\/strong><\/em>Se j\u00e1 existir um conjunto de dados com o mesmo nome, a opera\u00e7\u00e3o de importa\u00e7\u00e3o substituir\u00e1 o conjunto de dados existente pelo novo. A opera\u00e7\u00e3o de importa\u00e7\u00e3o falhar\u00e1 se houver mais de um conjunto de dados existente com o mesmo nome.<\/li>\n<\/ul>\n<p>Por fim, voc\u00ea pode marcar a op\u00e7\u00e3o <em><strong>Criar apenas o modelo sem\u00e2ntico (n\u00e3o criar o relat\u00f3rio)<\/strong><\/em>, caso voc\u00ea queira apenas publicar o modelo sem\u00e2ntico, sem criar o relat\u00f3rio automaticamente (que \u00e9 o padr\u00e3o do Power BI).<\/p>\n<h2><span class=\"ez-toc-section\" id=\"Criar_uma_conta_de_armazenamento\"><\/span>Criar uma conta de armazenamento<span class=\"ez-toc-section-end\"><\/span><\/h2>\n<span class=\"collapseomatic \" id=\"id69efc138b2328\"  tabindex=\"0\" title=\"Clique aqui para visualizar o conte\u00fado deste t\u00f3pico\"    >Clique aqui para visualizar o conte\u00fado deste t\u00f3pico<\/span><div id=\"target-id69efc138b2328\" class=\"collapseomatic_content \">\n<p>Antes de configurar a integra\u00e7\u00e3o entre o Power Embedded e a conta de armazenamento, voc\u00ea precisar\u00e1 <a href=\"https:\/\/portal.azure.com\/#browse\/Microsoft.Storage%2FStorageAccounts\" target=\"_blank\" rel=\"noopener\">criar a sua conta de armazenamento<\/a> no Portal do Azure.<\/p>\n<p>Para realizar a cria\u00e7\u00e3o, pode utilizar os valores padr\u00e3o, conforme demonstrado abaixo:<\/p>\n<p><a href=\"https:\/\/powerembedded.com.br\/blog\/wp-content\/uploads\/2024\/08\/Power-Embedded-Configuracao-da-Conta-3.png\"><img decoding=\"async\" class=\"alignnone size-full wp-image-3831\" src=\"https:\/\/powerembedded.com.br\/blog\/wp-content\/uploads\/2024\/08\/Power-Embedded-Configuracao-da-Conta-3.png\" alt=\"\" width=\"900\" height=\"956\" srcset=\"https:\/\/powerembedded.com.br\/blog\/wp-content\/uploads\/2024\/08\/Power-Embedded-Configuracao-da-Conta-3.png 900w, https:\/\/powerembedded.com.br\/blog\/wp-content\/uploads\/2024\/08\/Power-Embedded-Configuracao-da-Conta-3-282x300.png 282w, https:\/\/powerembedded.com.br\/blog\/wp-content\/uploads\/2024\/08\/Power-Embedded-Configuracao-da-Conta-3-768x816.png 768w, https:\/\/powerembedded.com.br\/blog\/wp-content\/uploads\/2024\/08\/Power-Embedded-Configuracao-da-Conta-3-11x12.png 11w\" sizes=\"(max-width: 900px) 100vw, 900px\" \/><\/a><\/p>\n<p>Ative a op\u00e7\u00e3o <em><strong>Permitir a habilita\u00e7\u00e3o do acesso an\u00f4nimo em cont\u00eaineres individuais:<\/strong><\/em><\/p>\n<p><a href=\"https:\/\/powerembedded.com.br\/blog\/wp-content\/uploads\/2024\/08\/Power-Embedded-Configuracao-da-Conta-4.png\"><img loading=\"lazy\" decoding=\"async\" class=\"alignnone size-full wp-image-3832\" src=\"https:\/\/powerembedded.com.br\/blog\/wp-content\/uploads\/2024\/08\/Power-Embedded-Configuracao-da-Conta-4.png\" alt=\"\" width=\"857\" height=\"956\" srcset=\"https:\/\/powerembedded.com.br\/blog\/wp-content\/uploads\/2024\/08\/Power-Embedded-Configuracao-da-Conta-4.png 857w, https:\/\/powerembedded.com.br\/blog\/wp-content\/uploads\/2024\/08\/Power-Embedded-Configuracao-da-Conta-4-269x300.png 269w, https:\/\/powerembedded.com.br\/blog\/wp-content\/uploads\/2024\/08\/Power-Embedded-Configuracao-da-Conta-4-768x857.png 768w, https:\/\/powerembedded.com.br\/blog\/wp-content\/uploads\/2024\/08\/Power-Embedded-Configuracao-da-Conta-4-11x12.png 11w\" sizes=\"(max-width: 857px) 100vw, 857px\" \/><\/a><\/p>\n<p>Pode revisar as outras configura\u00e7\u00f5es, mas para fins deste tutorial, j\u00e1 pode avan\u00e7ar e concluir a cria\u00e7\u00e3o da conta de armazenamento.<\/p>\n<p>Ap\u00f3s a cria\u00e7\u00e3o, acesse a conta de armazenamento criada.<\/p>\n<p>Expanda a se\u00e7\u00e3o <em><strong>Armazenamento de dados<\/strong><\/em> e selecione a op\u00e7\u00e3o <em><strong>Cont\u00eaineres<\/strong><\/em>.<\/p>\n<p>Clique no bot\u00e3o <em><strong>+Cont\u00eainer<\/strong><\/em><\/p>\n<p><a href=\"https:\/\/powerembedded.com.br\/blog\/wp-content\/uploads\/2024\/08\/Power-Embedded-Configuracao-da-Conta-7.png\"><img loading=\"lazy\" decoding=\"async\" class=\"alignnone size-full wp-image-3835\" src=\"https:\/\/powerembedded.com.br\/blog\/wp-content\/uploads\/2024\/08\/Power-Embedded-Configuracao-da-Conta-7.png\" alt=\"\" width=\"653\" height=\"240\" srcset=\"https:\/\/powerembedded.com.br\/blog\/wp-content\/uploads\/2024\/08\/Power-Embedded-Configuracao-da-Conta-7.png 653w, https:\/\/powerembedded.com.br\/blog\/wp-content\/uploads\/2024\/08\/Power-Embedded-Configuracao-da-Conta-7-300x110.png 300w, https:\/\/powerembedded.com.br\/blog\/wp-content\/uploads\/2024\/08\/Power-Embedded-Configuracao-da-Conta-7-18x7.png 18w\" sizes=\"(max-width: 653px) 100vw, 653px\" \/><\/a><\/p>\n<p>Digite o nome do cont\u00eainer que voc\u00ea deseja criar e clique no bot\u00e3o <em><strong>Criar<\/strong><\/em>, no final da tela.<\/p>\n<p>Anote o nome do cont\u00eainer criado em um bloco de notas, pois voc\u00ea ir\u00e1 utiliz\u00e1-lo futuramente para configurar a conta de armazenamento.<\/p>\n<p>Expanda a se\u00e7\u00e3o <em><strong>Seguran\u00e7a + rede<\/strong><\/em> e selecione a op\u00e7\u00e3o <em><strong>Chaves de acesso<\/strong><\/em>.<\/p>\n<p>Nesta tela, voc\u00ea ir\u00e1 copiar e salvar em um bloco de notas, os valores dos campos <em><strong>Nome da conta de armazenamento<\/strong><\/em> e <em><strong>Chave<\/strong><\/em> (precisa clicar no bot\u00e3o <em><strong>Mostrar<\/strong><\/em> para conseguir copiar a chave), pois iremos utilizar esses valores na configura\u00e7\u00e3o da conta de armazenamento.<\/p>\n<p><a href=\"https:\/\/powerembedded.com.br\/blog\/wp-content\/uploads\/2024\/08\/Power-Embedded-Configuracao-da-Conta-5.png\"><img loading=\"lazy\" decoding=\"async\" class=\"alignnone size-full wp-image-3833\" src=\"https:\/\/powerembedded.com.br\/blog\/wp-content\/uploads\/2024\/08\/Power-Embedded-Configuracao-da-Conta-5.png\" alt=\"\" width=\"1127\" height=\"810\" srcset=\"https:\/\/powerembedded.com.br\/blog\/wp-content\/uploads\/2024\/08\/Power-Embedded-Configuracao-da-Conta-5.png 1127w, https:\/\/powerembedded.com.br\/blog\/wp-content\/uploads\/2024\/08\/Power-Embedded-Configuracao-da-Conta-5-300x216.png 300w, https:\/\/powerembedded.com.br\/blog\/wp-content\/uploads\/2024\/08\/Power-Embedded-Configuracao-da-Conta-5-1024x736.png 1024w, https:\/\/powerembedded.com.br\/blog\/wp-content\/uploads\/2024\/08\/Power-Embedded-Configuracao-da-Conta-5-768x552.png 768w, https:\/\/powerembedded.com.br\/blog\/wp-content\/uploads\/2024\/08\/Power-Embedded-Configuracao-da-Conta-5-18x12.png 18w\" sizes=\"(max-width: 1127px) 100vw, 1127px\" \/><\/a><\/p>\n<p>Agora expanda a se\u00e7\u00e3o <em><strong>Configura\u00e7\u00f5es<\/strong><\/em> e selecione a op\u00e7\u00e3o <em><strong>Compartilhamento de recursos (CORS)<\/strong><\/em><\/p>\n<p><a href=\"https:\/\/powerembedded.com.br\/blog\/wp-content\/uploads\/2024\/08\/Power-Embedded-Configuracao-da-Conta-6.png\"><img loading=\"lazy\" decoding=\"async\" class=\"alignnone size-full wp-image-3834\" src=\"https:\/\/powerembedded.com.br\/blog\/wp-content\/uploads\/2024\/08\/Power-Embedded-Configuracao-da-Conta-6.png\" alt=\"\" width=\"1416\" height=\"808\" srcset=\"https:\/\/powerembedded.com.br\/blog\/wp-content\/uploads\/2024\/08\/Power-Embedded-Configuracao-da-Conta-6.png 1416w, https:\/\/powerembedded.com.br\/blog\/wp-content\/uploads\/2024\/08\/Power-Embedded-Configuracao-da-Conta-6-300x171.png 300w, https:\/\/powerembedded.com.br\/blog\/wp-content\/uploads\/2024\/08\/Power-Embedded-Configuracao-da-Conta-6-1024x584.png 1024w, https:\/\/powerembedded.com.br\/blog\/wp-content\/uploads\/2024\/08\/Power-Embedded-Configuracao-da-Conta-6-768x438.png 768w, https:\/\/powerembedded.com.br\/blog\/wp-content\/uploads\/2024\/08\/Power-Embedded-Configuracao-da-Conta-6-18x10.png 18w\" sizes=\"(max-width: 1416px) 100vw, 1416px\" \/><\/a><\/p>\n<p>Preencha os campos conforme a imagem acima:<\/p>\n<ul>\n<li><em><strong>Origens permitidas<\/strong><\/em>: https:\/\/admin.powerembedded.com.br<\/li>\n<li><em><strong>M\u00e9todos permitidos<\/strong><\/em>: PUT<\/li>\n<li><em><strong>Cabe\u00e7alhos permitidos<\/strong><\/em>: *<\/li>\n<\/ul>\n<\/div>\n<p>&nbsp;<\/p>\n<h2><span class=\"ez-toc-section\" id=\"Configuracao_da_conta_de_armazenamento\"><\/span>Configura\u00e7\u00e3o da conta de armazenamento<span class=\"ez-toc-section-end\"><\/span><\/h2>\n<span class=\"collapseomatic \" id=\"id69efc138b23bf\"  tabindex=\"0\" title=\"Clique aqui para visualizar o conte\u00fado deste t\u00f3pico\"    >Clique aqui para visualizar o conte\u00fado deste t\u00f3pico<\/span><div id=\"target-id69efc138b23bf\" class=\"collapseomatic_content \">\n<p>Para realizar a publica\u00e7\u00e3o dos relat\u00f3rios, o Power BI precisa fazer o upload temporariamente do arquivo do Power BI que est\u00e1 no seu computador para uma conta de armazenamento do Azure.<\/p>\n<p>Ap\u00f3s esse envio, o Power Embedded faz uma chamada na API do Power BI, informando a URL do arquivo que est\u00e1 na conta de armazenamento (Azure Blob Storage) para importar no workspace. Ap\u00f3s a importa\u00e7\u00e3o, o arquivo \u00e9 apagado do armazenamento tempor\u00e1rio.<\/p>\n<p><strong>Por padr\u00e3o<\/strong>, uma conta de armazenamento do pr\u00f3prio Power Embedded \u00e9 utilizada para esse armazenamento tempor\u00e1rios dos arquivos do Power BI. Sendo assim, voc\u00ea n\u00e3o precisa criar ou configurar uma integra\u00e7\u00e3o do Power Embedded com uma conta de armazenamento.<\/p>\n<p>Entretanto, \u00e9 compreens\u00edvel que voc\u00ea possa preferir utilizar uma conta de armazenamento da sua empresa, por quest\u00f5es de seguran\u00e7a e privacidade dos dados para armazenar temporariamente os arquivos que ser\u00e3o enviados e posteriormente, publicados no Power BI servi\u00e7o.<\/p>\n<p>Essa integra\u00e7\u00e3o utilizando a conta de armazenamento da sua empresa pode ser configurada na tela abaixo, que fica na p\u00e1gina de <em><strong>Configura\u00e7\u00f5es<\/strong><\/em> &gt; Aba <em><strong>Par\u00e2metros<\/strong><\/em>:<\/p>\n<p><a href=\"https:\/\/powerembedded.com.br\/blog\/wp-content\/uploads\/2024\/08\/Power-Embedded-Configuracao-da-Conta.png\"><img loading=\"lazy\" decoding=\"async\" class=\"alignnone size-full wp-image-3828\" src=\"https:\/\/powerembedded.com.br\/blog\/wp-content\/uploads\/2024\/08\/Power-Embedded-Configuracao-da-Conta.png\" alt=\"\" width=\"1426\" height=\"811\" srcset=\"https:\/\/powerembedded.com.br\/blog\/wp-content\/uploads\/2024\/08\/Power-Embedded-Configuracao-da-Conta.png 1426w, https:\/\/powerembedded.com.br\/blog\/wp-content\/uploads\/2024\/08\/Power-Embedded-Configuracao-da-Conta-300x171.png 300w, https:\/\/powerembedded.com.br\/blog\/wp-content\/uploads\/2024\/08\/Power-Embedded-Configuracao-da-Conta-1024x582.png 1024w, https:\/\/powerembedded.com.br\/blog\/wp-content\/uploads\/2024\/08\/Power-Embedded-Configuracao-da-Conta-768x437.png 768w, https:\/\/powerembedded.com.br\/blog\/wp-content\/uploads\/2024\/08\/Power-Embedded-Configuracao-da-Conta-18x10.png 18w\" sizes=\"(max-width: 1426px) 100vw, 1426px\" \/><\/a><\/p>\n<p>Abra o bloco de notas com as informa\u00e7\u00f5es que voc\u00ea salvou e agora voc\u00ea pode configurar a sua integra\u00e7\u00e3o entre o Power Embedded e a conta de armazenamento tempor\u00e1ria criada por voc\u00ea.<\/p>\n<p>Exemplo dessa tela de configura\u00e7\u00e3o com as informa\u00e7\u00f5es devidamente preenchidas:<\/p>\n<p><a href=\"https:\/\/powerembedded.com.br\/blog\/wp-content\/uploads\/2024\/08\/Power-Embedded-Configuracao-da-Conta-8.png\"><img loading=\"lazy\" decoding=\"async\" class=\"alignnone size-full wp-image-3836\" src=\"https:\/\/powerembedded.com.br\/blog\/wp-content\/uploads\/2024\/08\/Power-Embedded-Configuracao-da-Conta-8.png\" alt=\"\" width=\"1316\" height=\"538\" srcset=\"https:\/\/powerembedded.com.br\/blog\/wp-content\/uploads\/2024\/08\/Power-Embedded-Configuracao-da-Conta-8.png 1316w, https:\/\/powerembedded.com.br\/blog\/wp-content\/uploads\/2024\/08\/Power-Embedded-Configuracao-da-Conta-8-300x123.png 300w, https:\/\/powerembedded.com.br\/blog\/wp-content\/uploads\/2024\/08\/Power-Embedded-Configuracao-da-Conta-8-1024x419.png 1024w, https:\/\/powerembedded.com.br\/blog\/wp-content\/uploads\/2024\/08\/Power-Embedded-Configuracao-da-Conta-8-768x314.png 768w, https:\/\/powerembedded.com.br\/blog\/wp-content\/uploads\/2024\/08\/Power-Embedded-Configuracao-da-Conta-8-18x7.png 18w\" sizes=\"(max-width: 1316px) 100vw, 1316px\" \/><\/a><\/p>\n<\/div>\n<p>&nbsp;<\/p>\n<p>Pronto! Seus usu\u00e1rios j\u00e1 podem realizar a publica\u00e7\u00e3o dos arquivos do Power BI pelo Power Embedded.<\/p>\n","protected":false},"excerpt":{"rendered":"<p>Uma das maiores solicita\u00e7\u00f5es dos nossos usu\u00e1rios \u00e9 conseguir publicar os relat\u00f3rios do Power BI que est\u00e3o localmente em seus computadores para os workspaces no Power BI servi\u00e7o, dando uma liberdade e autonomia maior para os usu\u00e1rios. Por este motivo, hoje estamos liberando essa funcionalidade para todos os nossos clientes! Publicando relat\u00f3rios do Power BI&hellip; <br \/> <a class=\"read-more\" href=\"https:\/\/powerembedded.com.br\/blog\/publique-seus-relatorios-pelo-power-embedded\/\">Leia mais<\/a><\/p>\n","protected":false},"author":1,"featured_media":0,"comment_status":"open","ping_status":"open","sticky":false,"template":"","format":"standard","meta":{"content-type":"","footnotes":""},"categories":[7],"tags":[],"class_list":["post-3826","post","type-post","status-publish","format-standard","hentry","category-novidades"],"_links":{"self":[{"href":"https:\/\/powerembedded.com.br\/blog\/wp-json\/wp\/v2\/posts\/3826","targetHints":{"allow":["GET"]}}],"collection":[{"href":"https:\/\/powerembedded.com.br\/blog\/wp-json\/wp\/v2\/posts"}],"about":[{"href":"https:\/\/powerembedded.com.br\/blog\/wp-json\/wp\/v2\/types\/post"}],"author":[{"embeddable":true,"href":"https:\/\/powerembedded.com.br\/blog\/wp-json\/wp\/v2\/users\/1"}],"replies":[{"embeddable":true,"href":"https:\/\/powerembedded.com.br\/blog\/wp-json\/wp\/v2\/comments?post=3826"}],"version-history":[{"count":13,"href":"https:\/\/powerembedded.com.br\/blog\/wp-json\/wp\/v2\/posts\/3826\/revisions"}],"predecessor-version":[{"id":3849,"href":"https:\/\/powerembedded.com.br\/blog\/wp-json\/wp\/v2\/posts\/3826\/revisions\/3849"}],"wp:attachment":[{"href":"https:\/\/powerembedded.com.br\/blog\/wp-json\/wp\/v2\/media?parent=3826"}],"wp:term":[{"taxonomy":"category","embeddable":true,"href":"https:\/\/powerembedded.com.br\/blog\/wp-json\/wp\/v2\/categories?post=3826"},{"taxonomy":"post_tag","embeddable":true,"href":"https:\/\/powerembedded.com.br\/blog\/wp-json\/wp\/v2\/tags?post=3826"}],"curies":[{"name":"wp","href":"https:\/\/api.w.org\/{rel}","templated":true}]}}