{"id":4118,"date":"2024-09-13T17:56:35","date_gmt":"2024-09-13T20:56:35","guid":{"rendered":"https:\/\/powerembedded.com.br\/blog\/?p=4118"},"modified":"2024-09-13T17:59:59","modified_gmt":"2024-09-13T20:59:59","slug":"sistema-de-gerenciamento-de-chamados-mais-organizacao-e-eficiencia-para-suas-solicitacoes","status":"publish","type":"post","link":"https:\/\/powerembedded.com.br\/blog\/sistema-de-gerenciamento-de-chamados-mais-organizacao-e-eficiencia-para-suas-solicitacoes\/","title":{"rendered":"Sistema de gerenciamento de chamados: Mais organiza\u00e7\u00e3o e efici\u00eancia para suas solicita\u00e7\u00f5es"},"content":{"rendered":"<p>No Power Embedded, sempre buscamos maneiras de melhorar a experi\u00eancia dos nossos clientes e otimizar a comunica\u00e7\u00e3o entre eles e nosso time de suporte e desenvolvimento. Sabemos que a agilidade no atendimento e a efici\u00eancia na resolu\u00e7\u00e3o de problemas s\u00e3o fundamentais para o sucesso de qualquer neg\u00f3cio. Pensando nisso, estamos lan\u00e7ando uma nova ferramenta para facilitar ainda mais a intera\u00e7\u00e3o com nosso suporte: o sistema de abertura de chamados.<\/p>\n<h3>Comunica\u00e7\u00f5es Atuais via Teams e WhatsApp<\/h3>\n<p>Atualmente, todos os clientes do Power Embedded t\u00eam \u00e0 disposi\u00e7\u00e3o grupos dedicados no <strong>Microsoft Teams<\/strong> ou <strong>WhatsApp<\/strong>, facilitando a comunica\u00e7\u00e3o direta com nossa equipe.<\/p>\n<p>Nesses canais, nossos clientes podem enviar solicita\u00e7\u00f5es de suporte, propor melhorias e compartilhar novas ideias para o sistema.<\/p>\n<p>Esses grupos t\u00eam sido essenciais para manter um di\u00e1logo pr\u00f3ximo e \u00e1gil, e contamos com mais de <strong>180 grupos ativos<\/strong> atendendo \u00e0s demandas de todos os nossos clientes.<\/p>\n<h3>Um Novo Passo: Abertura de Chamados no Power Embedded<\/h3>\n<p>Com o aumento no volume de intera\u00e7\u00f5es e solicita\u00e7\u00f5es, percebemos a necessidade de criar uma maneira mais organizada e eficiente para lidar com as sugest\u00f5es de melhorias, reportes de erros e pedidos de novos recursos.<\/p>\n<p>Foi assim que nasceu a ideia de implementar um <strong>sistema de abertura de chamados<\/strong> diretamente no Power Embedded.<\/p>\n<p>Agora, al\u00e9m dos grupos no Teams e WhatsApp, os usu\u00e1rios podem acessar o sistema de chamados por meio do link: <a href=\"https:\/\/admin.powerembedded.com.br\/Support\" target=\"_new\" rel=\"noopener\">https:\/\/admin.powerembedded.com.br\/Support<\/a>.<\/p>\n<p><a href=\"https:\/\/powerembedded.com.br\/blog\/wp-content\/uploads\/2024\/09\/Power-Embedded-Sistema-de-chamados.png\"><img fetchpriority=\"high\" decoding=\"async\" class=\"alignnone size-full wp-image-4119\" src=\"https:\/\/powerembedded.com.br\/blog\/wp-content\/uploads\/2024\/09\/Power-Embedded-Sistema-de-chamados.png\" alt=\"\" width=\"1574\" height=\"673\" srcset=\"https:\/\/powerembedded.com.br\/blog\/wp-content\/uploads\/2024\/09\/Power-Embedded-Sistema-de-chamados.png 1574w, https:\/\/powerembedded.com.br\/blog\/wp-content\/uploads\/2024\/09\/Power-Embedded-Sistema-de-chamados-300x128.png 300w, https:\/\/powerembedded.com.br\/blog\/wp-content\/uploads\/2024\/09\/Power-Embedded-Sistema-de-chamados-1024x438.png 1024w, https:\/\/powerembedded.com.br\/blog\/wp-content\/uploads\/2024\/09\/Power-Embedded-Sistema-de-chamados-768x328.png 768w, https:\/\/powerembedded.com.br\/blog\/wp-content\/uploads\/2024\/09\/Power-Embedded-Sistema-de-chamados-1536x657.png 1536w, https:\/\/powerembedded.com.br\/blog\/wp-content\/uploads\/2024\/09\/Power-Embedded-Sistema-de-chamados-18x8.png 18w\" sizes=\"(max-width: 1574px) 100vw, 1574px\" \/><\/a><\/p>\n<h3>Como Funciona o Novo Sistema de Chamados?<\/h3>\n<p>O processo \u00e9 simples e intuitivo. Para abrir um chamado, o usu\u00e1rio precisa apenas:<\/p>\n<ol>\n<li><strong>Acessar o endere\u00e7o<\/strong>: <a href=\"https:\/\/admin.powerembedded.com.br\/Support\" target=\"_new\" rel=\"noopener\">https:\/\/admin.powerembedded.com.br\/Support<\/a>;<\/li>\n<li><strong>Digitar um t\u00edtulo<\/strong> para a solicita\u00e7\u00e3o;<\/li>\n<li><strong>Inserir uma descri\u00e7\u00e3o detalhada<\/strong> do problema, sugest\u00e3o ou solicita\u00e7\u00e3o de melhoria.<\/li>\n<\/ol>\n<p>O sistema conta com um editor de texto <strong>Rich-Text<\/strong>, o que significa que voc\u00ea pode adicionar formata\u00e7\u00f5es, al\u00e9m de incluir <strong>screenshots e imagens<\/strong> diretamente na solicita\u00e7\u00e3o.<\/p>\n<p>Isso facilita muito a explica\u00e7\u00e3o dos problemas ou a visualiza\u00e7\u00e3o de ideias, tornando o processo de suporte mais \u00e1gil e eficaz.<\/p>\n<p>&nbsp;<\/p>\n<p>Outro recurso interessante desse sistema de chamados, \u00e9 a possibilidade de interagir diretamente com o engenheiro de software que est\u00e1 trabalhando na sua solicita\u00e7\u00e3o.<\/p>\n<p>Para fazer isso, basta clicar no bot\u00e3o <strong>A\u00e7\u00f5es<\/strong> &gt; <strong>Detalhes<\/strong> para abrir a tela de coment\u00e1rios do chamado<\/p>\n<p><a href=\"https:\/\/powerembedded.com.br\/blog\/wp-content\/uploads\/2024\/09\/Power-Embedded-Sistema-de-chamados-Comentarios-2.png\"><img decoding=\"async\" class=\"alignnone size-full wp-image-4120\" src=\"https:\/\/powerembedded.com.br\/blog\/wp-content\/uploads\/2024\/09\/Power-Embedded-Sistema-de-chamados-Comentarios-2.png\" alt=\"\" width=\"1241\" height=\"333\" srcset=\"https:\/\/powerembedded.com.br\/blog\/wp-content\/uploads\/2024\/09\/Power-Embedded-Sistema-de-chamados-Comentarios-2.png 1241w, https:\/\/powerembedded.com.br\/blog\/wp-content\/uploads\/2024\/09\/Power-Embedded-Sistema-de-chamados-Comentarios-2-300x80.png 300w, https:\/\/powerembedded.com.br\/blog\/wp-content\/uploads\/2024\/09\/Power-Embedded-Sistema-de-chamados-Comentarios-2-1024x275.png 1024w, https:\/\/powerembedded.com.br\/blog\/wp-content\/uploads\/2024\/09\/Power-Embedded-Sistema-de-chamados-Comentarios-2-768x206.png 768w, https:\/\/powerembedded.com.br\/blog\/wp-content\/uploads\/2024\/09\/Power-Embedded-Sistema-de-chamados-Comentarios-2-18x5.png 18w\" sizes=\"(max-width: 1241px) 100vw, 1241px\" \/><\/a><\/p>\n<p>&nbsp;<\/p>\n<p>Nesta tela, voc\u00ea pode adicionar coment\u00e1rios nos chamados e visualizar os coment\u00e1rios enviados pelo engenheiro de software que est\u00e1 trabalhando na sua solicita\u00e7\u00e3o.<\/p>\n<p><a href=\"https:\/\/powerembedded.com.br\/blog\/wp-content\/uploads\/2024\/09\/Power-Embedded-Sistema-de-chamados-Comentarios.png\"><img decoding=\"async\" class=\"alignnone size-full wp-image-4121\" src=\"https:\/\/powerembedded.com.br\/blog\/wp-content\/uploads\/2024\/09\/Power-Embedded-Sistema-de-chamados-Comentarios.png\" alt=\"\" width=\"1274\" height=\"1032\" srcset=\"https:\/\/powerembedded.com.br\/blog\/wp-content\/uploads\/2024\/09\/Power-Embedded-Sistema-de-chamados-Comentarios.png 1274w, https:\/\/powerembedded.com.br\/blog\/wp-content\/uploads\/2024\/09\/Power-Embedded-Sistema-de-chamados-Comentarios-300x243.png 300w, https:\/\/powerembedded.com.br\/blog\/wp-content\/uploads\/2024\/09\/Power-Embedded-Sistema-de-chamados-Comentarios-1024x829.png 1024w, https:\/\/powerembedded.com.br\/blog\/wp-content\/uploads\/2024\/09\/Power-Embedded-Sistema-de-chamados-Comentarios-768x622.png 768w, https:\/\/powerembedded.com.br\/blog\/wp-content\/uploads\/2024\/09\/Power-Embedded-Sistema-de-chamados-Comentarios-15x12.png 15w\" sizes=\"(max-width: 1274px) 100vw, 1274px\" \/><\/a><\/p>\n<p>&nbsp;<\/p>\n<h3>Por Que Utilizar o Sistema de Chamados?<\/h3>\n<p>Os grupos no Teams e WhatsApp continuar\u00e3o ativos normalmente para a comunica\u00e7\u00e3o di\u00e1ria e r\u00e1pida. No entanto, incentivamos fortemente nossos clientes a utilizarem o novo sistema de abertura de chamados, pois ele oferece uma s\u00e9rie de vantagens, como:<\/p>\n<ul>\n<li><strong>Organiza\u00e7\u00e3o<\/strong>: As solicita\u00e7\u00f5es ficam registradas e agrupadas, o que facilita a prioriza\u00e7\u00e3o e a resolu\u00e7\u00e3o.<\/li>\n<li><strong>Prioridades claras<\/strong>: Com o sistema, conseguimos organizar melhor as demandas e dar maior aten\u00e7\u00e3o \u00e0s prioridades definidas.<\/li>\n<li><strong>Documenta\u00e7\u00e3o completa<\/strong>: As solicita\u00e7\u00f5es com descri\u00e7\u00f5es detalhadas, imagens e formata\u00e7\u00f5es ajudam nossa equipe a entender melhor o contexto e acelerar as solu\u00e7\u00f5es.<\/li>\n<\/ul>\n<p>&nbsp;<\/p>\n<h3>Contamos com a Colabora\u00e7\u00e3o de Todos!<\/h3>\n<p>Estamos muito animados com o lan\u00e7amento desse novo recurso e confiamos que ele vai melhorar ainda mais a experi\u00eancia de todos os nossos clientes. Contamos com a colabora\u00e7\u00e3o de todos para que utilizem o sistema de chamados e continuem enviando suas sugest\u00f5es e ideias, que s\u00e3o fundamentais para o sucesso e evolu\u00e7\u00e3o cont\u00ednua do Power Embedded.<\/p>\n<p>Lembramos que a troca de ideias, sugest\u00f5es de novos recursos e propostas de melhorias s\u00e3o sempre bem-vindas, e fazemos quest\u00e3o de ouvir todas as opini\u00f5es. Afinal, voc\u00eas s\u00e3o parte essencial do sucesso e crescimento do Power Embedded!<\/p>\n<p>Vamos juntos continuar aprimorando o Power Embedded e tornando-o cada vez mais eficiente e alinhado \u00e0s necessidades de cada cliente!<\/p>\n","protected":false},"excerpt":{"rendered":"<p>No Power Embedded, sempre buscamos maneiras de melhorar a experi\u00eancia dos nossos clientes e otimizar a comunica\u00e7\u00e3o entre eles e nosso time de suporte e desenvolvimento. Sabemos que a agilidade no atendimento e a efici\u00eancia na resolu\u00e7\u00e3o de problemas s\u00e3o fundamentais para o sucesso de qualquer neg\u00f3cio. Pensando nisso, estamos lan\u00e7ando uma nova ferramenta para&hellip; <br \/> <a class=\"read-more\" href=\"https:\/\/powerembedded.com.br\/blog\/sistema-de-gerenciamento-de-chamados-mais-organizacao-e-eficiencia-para-suas-solicitacoes\/\">Leia mais<\/a><\/p>\n","protected":false},"author":1,"featured_media":0,"comment_status":"open","ping_status":"open","sticky":false,"template":"","format":"standard","meta":{"content-type":"","footnotes":""},"categories":[7],"tags":[],"class_list":["post-4118","post","type-post","status-publish","format-standard","hentry","category-novidades"],"_links":{"self":[{"href":"https:\/\/powerembedded.com.br\/blog\/wp-json\/wp\/v2\/posts\/4118","targetHints":{"allow":["GET"]}}],"collection":[{"href":"https:\/\/powerembedded.com.br\/blog\/wp-json\/wp\/v2\/posts"}],"about":[{"href":"https:\/\/powerembedded.com.br\/blog\/wp-json\/wp\/v2\/types\/post"}],"author":[{"embeddable":true,"href":"https:\/\/powerembedded.com.br\/blog\/wp-json\/wp\/v2\/users\/1"}],"replies":[{"embeddable":true,"href":"https:\/\/powerembedded.com.br\/blog\/wp-json\/wp\/v2\/comments?post=4118"}],"version-history":[{"count":4,"href":"https:\/\/powerembedded.com.br\/blog\/wp-json\/wp\/v2\/posts\/4118\/revisions"}],"predecessor-version":[{"id":4125,"href":"https:\/\/powerembedded.com.br\/blog\/wp-json\/wp\/v2\/posts\/4118\/revisions\/4125"}],"wp:attachment":[{"href":"https:\/\/powerembedded.com.br\/blog\/wp-json\/wp\/v2\/media?parent=4118"}],"wp:term":[{"taxonomy":"category","embeddable":true,"href":"https:\/\/powerembedded.com.br\/blog\/wp-json\/wp\/v2\/categories?post=4118"},{"taxonomy":"post_tag","embeddable":true,"href":"https:\/\/powerembedded.com.br\/blog\/wp-json\/wp\/v2\/tags?post=4118"}],"curies":[{"name":"wp","href":"https:\/\/api.w.org\/{rel}","templated":true}]}}