{"id":4485,"date":"2024-10-29T15:50:14","date_gmt":"2024-10-29T18:50:14","guid":{"rendered":"https:\/\/powerembedded.com.br\/blog\/?p=4485"},"modified":"2024-10-29T17:36:19","modified_gmt":"2024-10-29T20:36:19","slug":"criarusuario","status":"publish","type":"post","link":"https:\/\/powerembedded.com.br\/blog\/criarusuario\/","title":{"rendered":"Criar Usu\u00e1rio"},"content":{"rendered":"\t\t<div data-elementor-type=\"wp-post\" data-elementor-id=\"4485\" class=\"elementor elementor-4485\" data-elementor-post-type=\"post\">\n\t\t\t\t\t\t<section class=\"elementor-section elementor-top-section elementor-element elementor-element-27808e8 elementor-section-boxed elementor-section-height-default elementor-section-height-default\" data-id=\"27808e8\" data-element_type=\"section\" data-e-type=\"section\">\n\t\t\t\t\t\t<div class=\"elementor-container elementor-column-gap-default\">\n\t\t\t\t\t<div class=\"elementor-column elementor-col-100 elementor-top-column elementor-element elementor-element-81890ac\" data-id=\"81890ac\" data-element_type=\"column\" data-e-type=\"column\">\n\t\t\t<div class=\"elementor-widget-wrap elementor-element-populated\">\n\t\t\t\t\t\t<div class=\"elementor-element elementor-element-e1401df elementor-widget elementor-widget-text-editor\" data-id=\"e1401df\" data-element_type=\"widget\" data-e-type=\"widget\" data-widget_type=\"text-editor.default\">\n\t\t\t\t<div class=\"elementor-widget-container\">\n\t\t\t\t\t\t\t\t\t<p>\u2022 O processo de cadastro de usu\u00e1rio \u00e9 bastante simples. Voc\u00ea pode cadastrar o e-mail, nome, fun\u00e7\u00e3o, departamento e data de validade do usu\u00e1rio. Tamb\u00e9m define a p\u00e1gina inicial ap\u00f3s o login e o m\u00e9todo de autentica\u00e7\u00e3o a ser utilizado.<\/p><p>\u2022 S\u00f3 o administrador realiza o cadastro dos usu\u00e1rios que ir\u00e3o acessar o sistema e os relat\u00f3rios e pode ser feito de alguns modos:<\/p><p>\u2022 Importar um Arquivo CSV;<\/p><p>\u2022 Importar com Entra ID;<\/p><p>\u2022 Via API<\/p><p>\u2022 Criar Manualmente<\/p><p>\u2022 \u00c9 importante observar que o cadastro de usu\u00e1rio envolve v\u00e1rias abas relacionadas ao acesso e \u00e0s permiss\u00f5es dentro da aplica\u00e7\u00e3o. As abas s\u00e3o: <strong class=\"font-bold\">Geral<\/strong>, <strong class=\"font-bold\">Permiss\u00f5es<\/strong>, <strong class=\"font-bold\">Grupos<\/strong>, <strong class=\"font-bold\">Empresas<\/strong>, e <strong class=\"font-bold\">Assistentes<\/strong>.<\/p><div><strong>\u2022 Permiss\u00f5es:<\/strong> voc\u00ea define as permiss\u00f5es que o usu\u00e1rio ter\u00e1 ao visualizar um relat\u00f3rio.<\/div><p>Isso inclui a capacidade de baixar arquivos PBIX, atualizar conjuntos de dados, entre outros.<\/p><div><strong>\u2022 Grupos<\/strong><b>:<\/b> voc\u00ea associa o usu\u00e1rio a um ou mais grupos de acesso.<\/div><p>Para adicionar o usu\u00e1rio ao grupo, basta marcar os grupos e depois clicar no bot\u00e3o &#8220;Salvar&#8221;.<br \/>Para remover o usu\u00e1rio do grupo, basta desmarcar os grupos e depois clicar no bot\u00e3o &#8220;Salvar&#8221;.<br \/>Quando o usu\u00e1rio faz parte de um grupo, as permiss\u00f5es de acesso ao relat\u00f3rio, configura\u00e7\u00f5es de RLS e permiss\u00f5es s\u00e3o herdadas do grupo, que se somam com as permiss\u00f5es que o usu\u00e1rio j\u00e1 possui.<\/p><div><strong>\u2022 Relat\u00f3rios: <\/strong>voc\u00ea associa o usu\u00e1rio a um ou mais relat\u00f3rios. Nem os usu\u00e1rios administradores possuem acesso aos relat\u00f3rios importados automaticamente. Todo acesso a relat\u00f3rio deve ser expl\u00edcito.<\/div><p>Para liberar acesso ao relat\u00f3rio, basta marcar o relat\u00f3rio e depois clicar no bot\u00e3o &#8220;Salvar&#8221;.<\/p><div class=\"grid-area-1-1 z-[1] [margin-top:_0.75em]\">\u2022<strong> Empresas:<\/strong> voc\u00ea define a empresa \u00e0 qual o usu\u00e1rio estar\u00e1 associado.<\/div><p class=\"w-full mx-auto decoration-primary\/6 max-w-3xl page-api-block:ml-0\">Isso afeta a identidade visual do usu\u00e1rio dentro da aplica\u00e7\u00e3o. Para associar a identidade visual de uma empresa ao usu\u00e1rio, basta vincul\u00e1-lo a essa empresa.<\/p><div class=\"grid-area-1-1 z-[1] [margin-top:_0.75em]\"><strong>\u2022 Assistentes:<\/strong> Se voc\u00ea estiver utilizando assistentes do Power Pilot (IA Generativa) no Power Embedded, essa aba permite definir quais assistentes estar\u00e3o dispon\u00edveis para o usu\u00e1rio.<\/div><p class=\"w-full mx-auto decoration-primary\/6 max-w-3xl page-api-block:ml-0\">Nesta tela voc\u00ea especifica quais assistentes podem ser utilizados pelo usu\u00e1rio.<\/p><p>https:\/\/docs.powerembedded.com.br\/portal-de-administracao\/usuarios\/criar-editar-usuario<\/p>\t\t\t\t\t\t\t\t<\/div>\n\t\t\t\t<\/div>\n\t\t\t\t\t<\/div>\n\t\t<\/div>\n\t\t\t\t\t<\/div>\n\t\t<\/section>\n\t\t\t\t<\/div>\n\t\t","protected":false},"excerpt":{"rendered":"<p>\u2022 O processo de cadastro de usu\u00e1rio \u00e9 bastante simples. Voc\u00ea pode cadastrar o e-mail, nome, fun\u00e7\u00e3o, departamento e data de validade do usu\u00e1rio. Tamb\u00e9m define a p\u00e1gina inicial ap\u00f3s o login e o m\u00e9todo de autentica\u00e7\u00e3o a ser utilizado. \u2022 S\u00f3 o administrador realiza o cadastro dos usu\u00e1rios que ir\u00e3o acessar o sistema e&hellip; <br \/> <a class=\"read-more\" href=\"https:\/\/powerembedded.com.br\/blog\/criarusuario\/\">Leia mais<\/a><\/p>\n","protected":false},"author":5,"featured_media":0,"comment_status":"open","ping_status":"open","sticky":false,"template":"","format":"standard","meta":{"content-type":"","footnotes":""},"categories":[9],"tags":[],"class_list":["post-4485","post","type-post","status-publish","format-standard","hentry","category-powerpilot"],"_links":{"self":[{"href":"https:\/\/powerembedded.com.br\/blog\/wp-json\/wp\/v2\/posts\/4485","targetHints":{"allow":["GET"]}}],"collection":[{"href":"https:\/\/powerembedded.com.br\/blog\/wp-json\/wp\/v2\/posts"}],"about":[{"href":"https:\/\/powerembedded.com.br\/blog\/wp-json\/wp\/v2\/types\/post"}],"author":[{"embeddable":true,"href":"https:\/\/powerembedded.com.br\/blog\/wp-json\/wp\/v2\/users\/5"}],"replies":[{"embeddable":true,"href":"https:\/\/powerembedded.com.br\/blog\/wp-json\/wp\/v2\/comments?post=4485"}],"version-history":[{"count":8,"href":"https:\/\/powerembedded.com.br\/blog\/wp-json\/wp\/v2\/posts\/4485\/revisions"}],"predecessor-version":[{"id":4495,"href":"https:\/\/powerembedded.com.br\/blog\/wp-json\/wp\/v2\/posts\/4485\/revisions\/4495"}],"wp:attachment":[{"href":"https:\/\/powerembedded.com.br\/blog\/wp-json\/wp\/v2\/media?parent=4485"}],"wp:term":[{"taxonomy":"category","embeddable":true,"href":"https:\/\/powerembedded.com.br\/blog\/wp-json\/wp\/v2\/categories?post=4485"},{"taxonomy":"post_tag","embeddable":true,"href":"https:\/\/powerembedded.com.br\/blog\/wp-json\/wp\/v2\/tags?post=4485"}],"curies":[{"name":"wp","href":"https:\/\/api.w.org\/{rel}","templated":true}]}}