{"id":4716,"date":"2024-11-22T01:53:26","date_gmt":"2024-11-22T04:53:26","guid":{"rendered":"https:\/\/powerembedded.com.br\/blog\/?p=4716"},"modified":"2024-12-13T17:37:50","modified_gmt":"2024-12-13T20:37:50","slug":"inclusao-de-minutos-nos-agendamentos-da-otimizacao-de-capacidades","status":"publish","type":"post","link":"https:\/\/powerembedded.com.br\/blog\/inclusao-de-minutos-nos-agendamentos-da-otimizacao-de-capacidades\/","title":{"rendered":"Inclus\u00e3o de minutos nos agendamentos da otimiza\u00e7\u00e3o\u00a0de\u00a0capacidades"},"content":{"rendered":"<h1>Inclus\u00e3o de minutos nos agendamentos da otimiza\u00e7\u00e3o\u00a0de\u00a0capacidades<\/h1>\n<p>Uma das funcionalidades mais robustas do portal \u00e9 o recurso de gerenciar a capacidade pelo Power Embedded. Essa funcionalidade j\u00e1 permitia aos clientes configurar hor\u00e1rios espec\u00edficos para ligar e desligar o recurso, al\u00e9m de realizar opera\u00e7\u00f5es de <strong>scale up<\/strong> e <strong>scale down<\/strong>, otimizando o uso de capacidade conforme a demanda.<\/p>\n<p>No entanto, como o portal est\u00e1 em constante evolu\u00e7\u00e3o, ouvimos o feedback dos nossos clientes, que frequentemente solicitavam uma maior granularidade na configura\u00e7\u00e3o.<\/p>\n<p>Atendendo a essas demandas, agora \u00e9 poss\u00edvel gerenciar a capacidade com precis\u00e3o de minutos, al\u00e9m da configura\u00e7\u00e3o por hora. Essa melhoria oferece aos clientes um controle ainda maior e mais flexibilidade na utiliza\u00e7\u00e3o dos recursos, permitindo adapta\u00e7\u00f5es mais precisas \u00e0s necessidades espec\u00edficas e tornando as opera\u00e7\u00f5es ainda mais eficientes.<\/p>\n<p><img fetchpriority=\"high\" decoding=\"async\" class=\"alignnone size-full wp-image-4725\" src=\"https:\/\/powerembedded.com.br\/blog\/wp-content\/uploads\/2024\/11\/print-1-1.png\" alt=\"\" width=\"634\" height=\"235\" srcset=\"https:\/\/powerembedded.com.br\/blog\/wp-content\/uploads\/2024\/11\/print-1-1.png 634w, https:\/\/powerembedded.com.br\/blog\/wp-content\/uploads\/2024\/11\/print-1-1-300x111.png 300w, https:\/\/powerembedded.com.br\/blog\/wp-content\/uploads\/2024\/11\/print-1-1-18x7.png 18w\" sizes=\"(max-width: 634px) 100vw, 634px\" \/><\/p>\n<p>&nbsp;<\/p>\n<p>Para fazer a gest\u00e3o da capacidade pelo Power Embedded, v\u00e1 ao portal de administra\u00e7\u00e3o em <strong>Artefatos<\/strong> e clique em <strong>capacidades. <\/strong>Se quiser entender mais sobre essa funcionalidade, acesse a documenta\u00e7\u00e3o completa:<strong><a href=\"https:\/\/docs.powerembedded.com.br\/portal-de-administracao\/artefatos\/capacidades\">Capacidades | Power Embedded<\/a><br \/>\n<\/strong><\/p>\n","protected":false},"excerpt":{"rendered":"<p>Inclus\u00e3o de minutos nos agendamentos da otimiza\u00e7\u00e3o\u00a0de\u00a0capacidades Uma das funcionalidades mais robustas do portal \u00e9 o recurso de gerenciar a capacidade pelo Power Embedded. Essa funcionalidade j\u00e1 permitia aos clientes configurar hor\u00e1rios espec\u00edficos para ligar e desligar o recurso, al\u00e9m de realizar opera\u00e7\u00f5es de scale up e scale down, otimizando o uso de capacidade conforme&hellip; <br \/> <a class=\"read-more\" href=\"https:\/\/powerembedded.com.br\/blog\/inclusao-de-minutos-nos-agendamentos-da-otimizacao-de-capacidades\/\">Leia mais<\/a><\/p>\n","protected":false},"author":4,"featured_media":0,"comment_status":"open","ping_status":"open","sticky":false,"template":"","format":"standard","meta":{"content-type":"","footnotes":""},"categories":[7],"tags":[],"class_list":["post-4716","post","type-post","status-publish","format-standard","hentry","category-novidades"],"_links":{"self":[{"href":"https:\/\/powerembedded.com.br\/blog\/wp-json\/wp\/v2\/posts\/4716","targetHints":{"allow":["GET"]}}],"collection":[{"href":"https:\/\/powerembedded.com.br\/blog\/wp-json\/wp\/v2\/posts"}],"about":[{"href":"https:\/\/powerembedded.com.br\/blog\/wp-json\/wp\/v2\/types\/post"}],"author":[{"embeddable":true,"href":"https:\/\/powerembedded.com.br\/blog\/wp-json\/wp\/v2\/users\/4"}],"replies":[{"embeddable":true,"href":"https:\/\/powerembedded.com.br\/blog\/wp-json\/wp\/v2\/comments?post=4716"}],"version-history":[{"count":4,"href":"https:\/\/powerembedded.com.br\/blog\/wp-json\/wp\/v2\/posts\/4716\/revisions"}],"predecessor-version":[{"id":5114,"href":"https:\/\/powerembedded.com.br\/blog\/wp-json\/wp\/v2\/posts\/4716\/revisions\/5114"}],"wp:attachment":[{"href":"https:\/\/powerembedded.com.br\/blog\/wp-json\/wp\/v2\/media?parent=4716"}],"wp:term":[{"taxonomy":"category","embeddable":true,"href":"https:\/\/powerembedded.com.br\/blog\/wp-json\/wp\/v2\/categories?post=4716"},{"taxonomy":"post_tag","embeddable":true,"href":"https:\/\/powerembedded.com.br\/blog\/wp-json\/wp\/v2\/tags?post=4716"}],"curies":[{"name":"wp","href":"https:\/\/api.w.org\/{rel}","templated":true}]}}