{"id":4795,"date":"2024-12-02T22:51:58","date_gmt":"2024-12-03T01:51:58","guid":{"rendered":"https:\/\/powerembedded.com.br\/blog\/?p=4795"},"modified":"2024-12-02T22:51:58","modified_gmt":"2024-12-03T01:51:58","slug":"ppm-fontes-de-dados-e-fixacao-de-rls-no-power-embedded","status":"publish","type":"post","link":"https:\/\/powerembedded.com.br\/blog\/ppm-fontes-de-dados-e-fixacao-de-rls-no-power-embedded\/","title":{"rendered":"PPM &#8211; Fontes de Dados e fixa\u00e7\u00e3o de RLS no Power Embedded"},"content":{"rendered":"<h3><strong>Gerenciamento de Fontes de Dados e Configura\u00e7\u00e3o de RLS no Power Embedded<\/strong><\/h3>\n<p>O gerenciamento de fontes de dados no Power Embedded \u00e9 uma ferramenta essencial para auditorias, permitindo visualizar, exportar e filtrar as conex\u00f5es utilizadas nos conjuntos de dados. \u00c9 importante destacar que todas as configura\u00e7\u00f5es relacionadas \u00e0s fontes de dados continuam sendo gerenciadas diretamente no Power BI.<\/p>\n<p>Uma funcionalidade relevante desse recurso \u00e9 a possibilidade de <strong>fixar um usu\u00e1rio<\/strong> ao trabalhar com <strong>RLS (Row-Level Security)<\/strong> no <strong>Analysis Services<\/strong>. Essa op\u00e7\u00e3o \u00e9 especialmente \u00fatil em cen\u00e1rios onde n\u00e3o \u00e9 necess\u00e1rio mapear usu\u00e1rios individualmente, mas sim por empresa, simplificando a administra\u00e7\u00e3o e reduzindo o esfor\u00e7o de configura\u00e7\u00e3o.<\/p>\n<p>Para saber mais sobre como utilizar essa funcionalidade e entender todos os detalhes, acesse a documenta\u00e7\u00e3o completa.<\/p>\n<p><span data-teams=\"true\">URL_OFICIAL:-https:\/\/docs.powerembedded.com.br\/portal-de-administracao\/artefatos\/fontes-de-dados<\/span><\/p>\n<p>&nbsp;<\/p>\n","protected":false},"excerpt":{"rendered":"<p>Gerenciamento de Fontes de Dados e Configura\u00e7\u00e3o de RLS no Power Embedded O gerenciamento de fontes de dados no Power Embedded \u00e9 uma ferramenta essencial para auditorias, permitindo visualizar, exportar e filtrar as conex\u00f5es utilizadas nos conjuntos de dados. \u00c9 importante destacar que todas as configura\u00e7\u00f5es relacionadas \u00e0s fontes de dados continuam sendo gerenciadas diretamente&hellip; <br \/> <a class=\"read-more\" href=\"https:\/\/powerembedded.com.br\/blog\/ppm-fontes-de-dados-e-fixacao-de-rls-no-power-embedded\/\">Leia mais<\/a><\/p>\n","protected":false},"author":4,"featured_media":0,"comment_status":"open","ping_status":"open","sticky":false,"template":"","format":"standard","meta":{"content-type":"","footnotes":""},"categories":[9],"tags":[],"class_list":["post-4795","post","type-post","status-publish","format-standard","hentry","category-powerpilot"],"_links":{"self":[{"href":"https:\/\/powerembedded.com.br\/blog\/wp-json\/wp\/v2\/posts\/4795","targetHints":{"allow":["GET"]}}],"collection":[{"href":"https:\/\/powerembedded.com.br\/blog\/wp-json\/wp\/v2\/posts"}],"about":[{"href":"https:\/\/powerembedded.com.br\/blog\/wp-json\/wp\/v2\/types\/post"}],"author":[{"embeddable":true,"href":"https:\/\/powerembedded.com.br\/blog\/wp-json\/wp\/v2\/users\/4"}],"replies":[{"embeddable":true,"href":"https:\/\/powerembedded.com.br\/blog\/wp-json\/wp\/v2\/comments?post=4795"}],"version-history":[{"count":1,"href":"https:\/\/powerembedded.com.br\/blog\/wp-json\/wp\/v2\/posts\/4795\/revisions"}],"predecessor-version":[{"id":4798,"href":"https:\/\/powerembedded.com.br\/blog\/wp-json\/wp\/v2\/posts\/4795\/revisions\/4798"}],"wp:attachment":[{"href":"https:\/\/powerembedded.com.br\/blog\/wp-json\/wp\/v2\/media?parent=4795"}],"wp:term":[{"taxonomy":"category","embeddable":true,"href":"https:\/\/powerembedded.com.br\/blog\/wp-json\/wp\/v2\/categories?post=4795"},{"taxonomy":"post_tag","embeddable":true,"href":"https:\/\/powerembedded.com.br\/blog\/wp-json\/wp\/v2\/tags?post=4795"}],"curies":[{"name":"wp","href":"https:\/\/api.w.org\/{rel}","templated":true}]}}