{"id":4908,"date":"2024-12-11T12:14:14","date_gmt":"2024-12-11T15:14:14","guid":{"rendered":"https:\/\/powerembedded.com.br\/blog\/?p=4908"},"modified":"2024-12-13T17:36:41","modified_gmt":"2024-12-13T20:36:41","slug":"defina-um-tema-padrao-para-seus-relatorios-pelo-power-embedded","status":"publish","type":"post","link":"https:\/\/powerembedded.com.br\/blog\/defina-um-tema-padrao-para-seus-relatorios-pelo-power-embedded\/","title":{"rendered":"Defina um tema padr\u00e3o para seus relat\u00f3rios pelo Power Embedded"},"content":{"rendered":"\t\t<div data-elementor-type=\"wp-post\" data-elementor-id=\"4908\" class=\"elementor elementor-4908\" data-elementor-post-type=\"post\">\n\t\t\t\t\t\t<section class=\"elementor-section elementor-top-section elementor-element elementor-element-5fdea83f elementor-section-boxed elementor-section-height-default elementor-section-height-default\" data-id=\"5fdea83f\" data-element_type=\"section\" data-e-type=\"section\">\n\t\t\t\t\t\t<div class=\"elementor-container elementor-column-gap-default\">\n\t\t\t\t\t<div class=\"elementor-column elementor-col-100 elementor-top-column elementor-element elementor-element-7050170e\" data-id=\"7050170e\" data-element_type=\"column\" data-e-type=\"column\">\n\t\t\t<div class=\"elementor-widget-wrap elementor-element-populated\">\n\t\t\t\t\t\t<div class=\"elementor-element elementor-element-44660cd3 elementor-widget elementor-widget-text-editor\" data-id=\"44660cd3\" data-element_type=\"widget\" data-e-type=\"widget\" data-widget_type=\"text-editor.default\">\n\t\t\t\t<div class=\"elementor-widget-container\">\n\t\t\t\t\t\t\t\t\t<div class=\"flex-shrink-0 flex flex-col relative items-end\">\u00a0<\/div><div class=\"group\/conversation-turn relative flex w-full min-w-0 flex-col agent-turn\"><p>Agora, no <strong>Power Embedded<\/strong>, \u00e9 poss\u00edvel inserir um c\u00f3digo JSON para <strong>personalizar os temas dos relat\u00f3rios<\/strong> de maneira pr\u00e1tica e eficiente. Com essa nova funcionalidade, ficou mais f\u00e1cil ajustar o design dos relat\u00f3rios, permitindo o uso de <strong>cores corporativas<\/strong>, altera\u00e7\u00e3o de <strong>conjuntos de \u00edcones<\/strong> ou a aplica\u00e7\u00e3o de uma nova formata\u00e7\u00e3o visual padr\u00e3o. Quando o tema \u00e9 aplicado, todos os visuais seguem as configura\u00e7\u00f5es definidas, garantindo consist\u00eancia e personaliza\u00e7\u00e3o e um tema padr\u00e3o de relat\u00f3rio.<\/p><p><img fetchpriority=\"high\" decoding=\"async\" class=\"alignnone size-full wp-image-5006\" src=\"https:\/\/powerembedded.com.br\/blog\/wp-content\/uploads\/2024\/12\/tema-xx.png\" alt=\"\" width=\"723\" height=\"327\" srcset=\"https:\/\/powerembedded.com.br\/blog\/wp-content\/uploads\/2024\/12\/tema-xx.png 723w, https:\/\/powerembedded.com.br\/blog\/wp-content\/uploads\/2024\/12\/tema-xx-300x136.png 300w, https:\/\/powerembedded.com.br\/blog\/wp-content\/uploads\/2024\/12\/tema-xx-18x8.png 18w\" sizes=\"(max-width: 723px) 100vw, 723px\" \/><\/p><h3>Como Funciona?<\/h3><p>Com essa funcionalidade, voc\u00ea pode personalizar a apar\u00eancia dos seus relat\u00f3rios diretamente no portal. Atrav\u00e9s do menu de configura\u00e7\u00f5es, voc\u00ea encontrar\u00e1 a op\u00e7\u00e3o <strong>Tema de Relat\u00f3rios<\/strong>, que permite a inser\u00e7\u00e3o de c\u00f3digo JSON para ajustar os relat\u00f3rios de acordo com suas necessidades.<\/p><h3>Passo a Passo para Personalizar o Tema:<\/h3><h4>1. Acesse o Menu de Configura\u00e7\u00f5es<\/h4><p>V\u00e1 at\u00e9 <strong>Configura\u00e7\u00f5es<\/strong> &gt; <strong>Portal de Visualiza\u00e7\u00e3o<\/strong> &gt; <strong><strong>Tema de Relat\u00f3rios&gt;Habilitar Tema de relat\u00f3rios<br \/><\/strong><\/strong><\/p><p><img decoding=\"async\" class=\"alignnone size-full wp-image-4944\" src=\"https:\/\/powerembedded.com.br\/blog\/wp-content\/uploads\/2024\/12\/habilitar-tema2-2.png\" alt=\"\" width=\"580\" height=\"429\" srcset=\"https:\/\/powerembedded.com.br\/blog\/wp-content\/uploads\/2024\/12\/habilitar-tema2-2.png 580w, https:\/\/powerembedded.com.br\/blog\/wp-content\/uploads\/2024\/12\/habilitar-tema2-2-300x222.png 300w, https:\/\/powerembedded.com.br\/blog\/wp-content\/uploads\/2024\/12\/habilitar-tema2-2-16x12.png 16w\" sizes=\"(max-width: 580px) 100vw, 580px\" \/><\/p><h4>2. Insira o Arquivo JSON<\/h4><p>No menu, adicione o c\u00f3digo JSON que cont\u00e9m as configura\u00e7\u00f5es de personaliza\u00e7\u00e3o.<\/p><p><img decoding=\"async\" class=\"alignnone size-full wp-image-4936\" src=\"https:\/\/powerembedded.com.br\/blog\/wp-content\/uploads\/2024\/12\/json-1.png\" alt=\"\" width=\"1004\" height=\"394\" srcset=\"https:\/\/powerembedded.com.br\/blog\/wp-content\/uploads\/2024\/12\/json-1.png 1004w, https:\/\/powerembedded.com.br\/blog\/wp-content\/uploads\/2024\/12\/json-1-300x118.png 300w, https:\/\/powerembedded.com.br\/blog\/wp-content\/uploads\/2024\/12\/json-1-768x301.png 768w, https:\/\/powerembedded.com.br\/blog\/wp-content\/uploads\/2024\/12\/json-1-18x7.png 18w\" sizes=\"(max-width: 1004px) 100vw, 1004px\" \/><\/p><\/div><div class=\"group\/conversation-turn relative flex w-full min-w-0 flex-col agent-turn\"><h4>3. Salve e Aplique<\/h4><ul><li>Ap\u00f3s inserir o c\u00f3digo JSON, clique em <strong>Salvar<\/strong>.<\/li><li>As altera\u00e7\u00f5es ser\u00e3o aplicadas automaticamente aos relat\u00f3rios que est\u00e3o considerando o tema padr\u00e3o.<\/li><li>Verique se o seu usu\u00e1rio est\u00e1 vinculado a alguma empresa, pois caso estiver fazendo isso na organiza\u00e7\u00e3o ele sempre ir\u00e1 considerar empresa.<\/li><\/ul><\/div>\t\t\t\t\t\t\t\t<\/div>\n\t\t\t\t<\/div>\n\t\t\t\t\t<\/div>\n\t\t<\/div>\n\t\t\t\t\t<\/div>\n\t\t<\/section>\n\t\t\t\t<section class=\"elementor-section elementor-top-section elementor-element elementor-element-20fc6aa elementor-section-boxed elementor-section-height-default elementor-section-height-default\" data-id=\"20fc6aa\" data-element_type=\"section\" data-e-type=\"section\">\n\t\t\t\t\t\t<div class=\"elementor-container elementor-column-gap-default\">\n\t\t\t\t\t<div class=\"elementor-column elementor-col-100 elementor-top-column elementor-element elementor-element-f1dc0a3\" data-id=\"f1dc0a3\" data-element_type=\"column\" data-e-type=\"column\">\n\t\t\t<div class=\"elementor-widget-wrap elementor-element-populated\">\n\t\t\t\t\t\t<div class=\"elementor-element elementor-element-2ba1220 elementor-widget elementor-widget-toggle\" data-id=\"2ba1220\" data-element_type=\"widget\" data-e-type=\"widget\" data-widget_type=\"toggle.default\">\n\t\t\t\t<div class=\"elementor-widget-container\">\n\t\t\t\t\t\t\t<div class=\"elementor-toggle\">\n\t\t\t\t\t\t\t<div class=\"elementor-toggle-item\">\n\t\t\t\t\t<div id=\"elementor-tab-title-4571\" class=\"elementor-tab-title\" data-tab=\"1\" role=\"button\" aria-controls=\"elementor-tab-content-4571\" aria-expanded=\"false\">\n\t\t\t\t\t\t\t\t\t\t\t\t<span class=\"elementor-toggle-icon elementor-toggle-icon-left\" aria-hidden=\"true\">\n\t\t\t\t\t\t\t\t\t\t\t\t\t\t\t<span class=\"elementor-toggle-icon-closed\"><i class=\"fas fa-caret-right\"><\/i><\/span>\n\t\t\t\t\t\t\t\t<span class=\"elementor-toggle-icon-opened\"><i class=\"elementor-toggle-icon-opened fas fa-caret-up\"><\/i><\/span>\n\t\t\t\t\t\t\t\t\t\t\t\t\t<\/span>\n\t\t\t\t\t\t\t\t\t\t\t\t<a class=\"elementor-toggle-title\" tabindex=\"0\">Como baixar o tema de um relat\u00f3rio<\/a>\n\t\t\t\t\t<\/div>\n\n\t\t\t\t\t<div id=\"elementor-tab-content-4571\" class=\"elementor-tab-content elementor-clearfix\" data-tab=\"1\" role=\"region\" aria-labelledby=\"elementor-tab-title-4571\"><h3>Como Baixar ou Criar um Tema de Relat\u00f3rio no Power BI<\/h3><p>Existem diferentes maneiras de baixar ou importar um arquivo JSON de tema para personalizar relat\u00f3rios no Power BI. Abaixo, apresentamos as op\u00e7\u00f5es mais pr\u00e1ticas:<\/p><hr \/><h3>Op\u00e7\u00f5es Dispon\u00edveis:<\/h3><h4>1. Sites de Temas Prontos<\/h4><p>Alguns sites oferecem modelos prontos de temas para Power BI, onde voc\u00ea pode baixar arquivos JSON j\u00e1 configurados:<\/p><ul><li style=\"list-style-type: none;\"><ul><li><a href=\"https:\/\/community.fabric.microsoft.com\/t5\/Themes-Gallery\/bd-p\/ThemesGallery\"><strong>Galeria de temas<\/strong><\/a>:\u00a0<a href=\"https:\/\/community.fabric.microsoft.com\/t5\/Themes-Gallery\/bd-p\/ThemesGallery\">Themes Gallery &#8211; Microsoft Fabric Community<\/a><\/li><li><a href=\"https:\/\/powerbithemegenerator.bibb.pro\/\"><strong>Cria\u00e7\u00e3o de temas:<\/strong><\/a>\u00a0<a href=\"https:\/\/community.fabric.microsoft.com\/t5\/Power-BI-Community-Blog\/Power-BI-Theme-Generators\/ba-p\/2265899\">Power BI Theme Generators &#8211; Microsoft Fabric Community<\/a><\/li><\/ul><\/li><\/ul><h4>2. Power BI Desktop (Recomendado)<\/h4><p>O <strong>Power BI Desktop<\/strong> \u00e9 a maneira mais pr\u00e1tica e eficiente de criar ou personalizar temas, al\u00e9m de permitir visualizar como o relat\u00f3rio ficar\u00e1 com aquele modelo.<\/p><hr \/><h3>Passos para Gerenciar Temas no Power BI Desktop:<\/h3><h4>Utilizando Temas Dispon\u00edveis:<\/h4><ol><li>Na faixa de op\u00e7\u00f5es do Power BI Desktop, clique em <strong>Exibi\u00e7\u00e3o &gt; Temas<\/strong>.<\/li><li>Escolha um dos temas dispon\u00edveis.<p><img loading=\"lazy\" decoding=\"async\" class=\"alignnone size-full wp-image-4935\" src=\"https:\/\/powerembedded.com.br\/blog\/wp-content\/uploads\/2024\/12\/prin-tema.png\" alt=\"\" width=\"502\" height=\"908\" srcset=\"https:\/\/powerembedded.com.br\/blog\/wp-content\/uploads\/2024\/12\/prin-tema.png 502w, https:\/\/powerembedded.com.br\/blog\/wp-content\/uploads\/2024\/12\/prin-tema-166x300.png 166w, https:\/\/powerembedded.com.br\/blog\/wp-content\/uploads\/2024\/12\/prin-tema-7x12.png 7w\" sizes=\"(max-width: 502px) 100vw, 502px\" \/><\/p><\/li><li>Ap\u00f3s aplicar o tema, clique em <strong>Salvar o Tema Atual<\/strong>.<p><img loading=\"lazy\" decoding=\"async\" class=\"alignnone size-full wp-image-4945\" src=\"https:\/\/powerembedded.com.br\/blog\/wp-content\/uploads\/2024\/12\/json-tema.png\" alt=\"\" width=\"444\" height=\"166\" srcset=\"https:\/\/powerembedded.com.br\/blog\/wp-content\/uploads\/2024\/12\/json-tema.png 444w, https:\/\/powerembedded.com.br\/blog\/wp-content\/uploads\/2024\/12\/json-tema-300x112.png 300w, https:\/\/powerembedded.com.br\/blog\/wp-content\/uploads\/2024\/12\/json-tema-18x7.png 18w\" sizes=\"(max-width: 444px) 100vw, 444px\" \/><\/p><\/li><li>O Power BI criar\u00e1 automaticamente um arquivo JSON com as propriedades do tema selecionado.<p>\u00a0<img loading=\"lazy\" decoding=\"async\" class=\"alignnone size-full wp-image-4947\" src=\"https:\/\/powerembedded.com.br\/blog\/wp-content\/uploads\/2024\/12\/tema-json.png\" alt=\"\" width=\"603\" height=\"448\" srcset=\"https:\/\/powerembedded.com.br\/blog\/wp-content\/uploads\/2024\/12\/tema-json.png 603w, https:\/\/powerembedded.com.br\/blog\/wp-content\/uploads\/2024\/12\/tema-json-300x223.png 300w, https:\/\/powerembedded.com.br\/blog\/wp-content\/uploads\/2024\/12\/tema-json-16x12.png 16w\" sizes=\"(max-width: 603px) 100vw, 603px\" \/><\/p><\/li><\/ol><h4>Personalizando Temas:<\/h4><ol><li>Na faixa de op\u00e7\u00f5es, clique em <strong>Exibi\u00e7\u00e3o &gt; Temas &gt; Personalizar Tema Atual<\/strong>.<p><img loading=\"lazy\" decoding=\"async\" class=\"alignnone size-full wp-image-4948\" src=\"https:\/\/powerembedded.com.br\/blog\/wp-content\/uploads\/2024\/12\/Customizar.png\" alt=\"\" width=\"444\" height=\"168\" srcset=\"https:\/\/powerembedded.com.br\/blog\/wp-content\/uploads\/2024\/12\/Customizar.png 444w, https:\/\/powerembedded.com.br\/blog\/wp-content\/uploads\/2024\/12\/Customizar-300x114.png 300w, https:\/\/powerembedded.com.br\/blog\/wp-content\/uploads\/2024\/12\/Customizar-18x7.png 18w\" sizes=\"(max-width: 444px) 100vw, 444px\" \/><\/p><\/li><li>Defina suas cores, fontes e outros elementos visuais para criar um design alinhado \u00e0 identidade visual desejada.<br \/><img loading=\"lazy\" decoding=\"async\" class=\"alignnone size-full wp-image-4949\" src=\"https:\/\/powerembedded.com.br\/blog\/wp-content\/uploads\/2024\/12\/customizar-2.png\" alt=\"\" width=\"745\" height=\"640\" srcset=\"https:\/\/powerembedded.com.br\/blog\/wp-content\/uploads\/2024\/12\/customizar-2.png 745w, https:\/\/powerembedded.com.br\/blog\/wp-content\/uploads\/2024\/12\/customizar-2-300x258.png 300w, https:\/\/powerembedded.com.br\/blog\/wp-content\/uploads\/2024\/12\/customizar-2-14x12.png 14w\" sizes=\"(max-width: 745px) 100vw, 745px\" \/><\/li><li>Ap\u00f3s finalizar as altera\u00e7\u00f5es, clique em <strong>Aplicar<\/strong> e um \u00a0arquivo JSON personalizado ser\u00e1 gerado com suas configura\u00e7\u00f5es exclusivas.<p><img loading=\"lazy\" decoding=\"async\" class=\"alignnone size-full wp-image-4947\" src=\"https:\/\/powerembedded.com.br\/blog\/wp-content\/uploads\/2024\/12\/tema-json.png\" alt=\"\" width=\"603\" height=\"448\" srcset=\"https:\/\/powerembedded.com.br\/blog\/wp-content\/uploads\/2024\/12\/tema-json.png 603w, https:\/\/powerembedded.com.br\/blog\/wp-content\/uploads\/2024\/12\/tema-json-300x223.png 300w, https:\/\/powerembedded.com.br\/blog\/wp-content\/uploads\/2024\/12\/tema-json-16x12.png 16w\" sizes=\"(max-width: 603px) 100vw, 603px\" \/><\/p><\/li><\/ol><hr \/><h3>Dica:<\/h3><p>Se for utilizar sites geradores de temas sempre teste os arquivos JSON gerados diretamente no Power BI Desktop para garantir que o tema est\u00e1 configurado corretamente antes de us\u00e1-lo em um portal ou aplica\u00e7\u00e3o.<\/p><\/div>\n\t\t\t\t<\/div>\n\t\t\t\t\t\t\t<div class=\"elementor-toggle-item\">\n\t\t\t\t\t<div id=\"elementor-tab-title-4572\" class=\"elementor-tab-title\" data-tab=\"2\" role=\"button\" aria-controls=\"elementor-tab-content-4572\" aria-expanded=\"false\">\n\t\t\t\t\t\t\t\t\t\t\t\t<span class=\"elementor-toggle-icon elementor-toggle-icon-left\" aria-hidden=\"true\">\n\t\t\t\t\t\t\t\t\t\t\t\t\t\t\t<span class=\"elementor-toggle-icon-closed\"><i class=\"fas fa-caret-right\"><\/i><\/span>\n\t\t\t\t\t\t\t\t<span class=\"elementor-toggle-icon-opened\"><i class=\"elementor-toggle-icon-opened fas fa-caret-up\"><\/i><\/span>\n\t\t\t\t\t\t\t\t\t\t\t\t\t<\/span>\n\t\t\t\t\t\t\t\t\t\t\t\t<a class=\"elementor-toggle-title\" tabindex=\"0\">Como configurar no Power Embedded<\/a>\n\t\t\t\t\t<\/div>\n\n\t\t\t\t\t<div id=\"elementor-tab-content-4572\" class=\"elementor-tab-content elementor-clearfix\" data-tab=\"2\" role=\"region\" aria-labelledby=\"elementor-tab-title-4572\"><h3>Aplica\u00e7\u00e3o do C\u00f3digo JSON no Power Embedded<\/h3><p>Com o c\u00f3digo JSON do tema do seu relat\u00f3rio em m\u00e3os, siga os passos abaixo para aplic\u00e1-lo no <strong>Power Embedded<\/strong> e personalizar seus relat\u00f3rios com facilidade:<\/p><hr \/><h3>Passo a Passo:<\/h3><p>Para aplicar um tema personalizado nos relat\u00f3rios do Power Embedded, acesse o <strong>Portal de Administra\u00e7\u00e3o<\/strong>, v\u00e1 at\u00e9 o menu de <strong>Configura\u00e7\u00f5es<\/strong>, clique em <strong>Portal de Visualiza\u00e7\u00e3o &gt; Tema de Relat\u00f3rios &gt;Habilitar temas de relat\u00f3rio<\/strong><\/p><p><img loading=\"lazy\" decoding=\"async\" class=\"alignnone size-full wp-image-4953\" src=\"https:\/\/powerembedded.com.br\/blog\/wp-content\/uploads\/2024\/12\/Campos-JSON.png\" alt=\"\" width=\"914\" height=\"625\" srcset=\"https:\/\/powerembedded.com.br\/blog\/wp-content\/uploads\/2024\/12\/Campos-JSON.png 914w, https:\/\/powerembedded.com.br\/blog\/wp-content\/uploads\/2024\/12\/Campos-JSON-300x205.png 300w, https:\/\/powerembedded.com.br\/blog\/wp-content\/uploads\/2024\/12\/Campos-JSON-768x525.png 768w, https:\/\/powerembedded.com.br\/blog\/wp-content\/uploads\/2024\/12\/Campos-JSON-18x12.png 18w\" sizes=\"(max-width: 914px) 100vw, 914px\" \/><\/p><p>Escolha o campo que voc\u00ea deseja inserir o c\u00f3digo Json, existe a op\u00e7\u00e3o do campo no modo claro e no tema escuro, que ao aplicar o modo dark no portal de relat\u00f3rio ele ir\u00e1 aplicar o json desse campo.<\/p><p>Considere utilizar o Json que voc\u00ea salvou do Power Bi, para importar para o Power Embedded, recomendo\u00a0 o NotePad++ ou bloco de notas para exibir o Json, e verificar se est\u00e1 tudo ok.<\/p><h3><img loading=\"lazy\" decoding=\"async\" class=\"alignnone size-full wp-image-4958\" src=\"https:\/\/powerembedded.com.br\/blog\/wp-content\/uploads\/2024\/12\/NotePad.png\" alt=\"\" width=\"703\" height=\"584\" srcset=\"https:\/\/powerembedded.com.br\/blog\/wp-content\/uploads\/2024\/12\/NotePad.png 703w, https:\/\/powerembedded.com.br\/blog\/wp-content\/uploads\/2024\/12\/NotePad-300x249.png 300w, https:\/\/powerembedded.com.br\/blog\/wp-content\/uploads\/2024\/12\/NotePad-14x12.png 14w\" sizes=\"(max-width: 703px) 100vw, 703px\" \/><\/h3><p>Ao abrir o arquivo, ser\u00e1 exibido o json daquele tema.<\/p><p><img loading=\"lazy\" decoding=\"async\" class=\"alignnone size-full wp-image-4959\" src=\"https:\/\/powerembedded.com.br\/blog\/wp-content\/uploads\/2024\/12\/Json-aberto.png\" alt=\"\" width=\"1808\" height=\"350\" srcset=\"https:\/\/powerembedded.com.br\/blog\/wp-content\/uploads\/2024\/12\/Json-aberto.png 1808w, https:\/\/powerembedded.com.br\/blog\/wp-content\/uploads\/2024\/12\/Json-aberto-300x58.png 300w, https:\/\/powerembedded.com.br\/blog\/wp-content\/uploads\/2024\/12\/Json-aberto-1024x198.png 1024w, https:\/\/powerembedded.com.br\/blog\/wp-content\/uploads\/2024\/12\/Json-aberto-768x149.png 768w, https:\/\/powerembedded.com.br\/blog\/wp-content\/uploads\/2024\/12\/Json-aberto-1536x297.png 1536w, https:\/\/powerembedded.com.br\/blog\/wp-content\/uploads\/2024\/12\/Json-aberto-18x3.png 18w\" sizes=\"(max-width: 1808px) 100vw, 1808px\" \/><\/p><p>Com o Json copiado voc\u00ea vai conseguir copiar e colar nos campos de inser\u00e7\u00e3o do Power Embedded<\/p><p><img loading=\"lazy\" decoding=\"async\" class=\"alignnone size-full wp-image-4964\" src=\"https:\/\/powerembedded.com.br\/blog\/wp-content\/uploads\/2024\/12\/Json-Inserido.png\" alt=\"\" width=\"1018\" height=\"335\" srcset=\"https:\/\/powerembedded.com.br\/blog\/wp-content\/uploads\/2024\/12\/Json-Inserido.png 1018w, https:\/\/powerembedded.com.br\/blog\/wp-content\/uploads\/2024\/12\/Json-Inserido-300x99.png 300w, https:\/\/powerembedded.com.br\/blog\/wp-content\/uploads\/2024\/12\/Json-Inserido-768x253.png 768w, https:\/\/powerembedded.com.br\/blog\/wp-content\/uploads\/2024\/12\/Json-Inserido-18x6.png 18w\" sizes=\"(max-width: 1018px) 100vw, 1018px\" \/><\/p><\/div>\n\t\t\t\t<\/div>\n\t\t\t\t\t\t\t\t<\/div>\n\t\t\t\t\t\t<\/div>\n\t\t\t\t<\/div>\n\t\t\t\t<div class=\"elementor-element elementor-element-48e8689 elementor-widget elementor-widget-text-editor\" data-id=\"48e8689\" data-element_type=\"widget\" data-e-type=\"widget\" data-widget_type=\"text-editor.default\">\n\t\t\t\t<div class=\"elementor-widget-container\">\n\t\t\t\t\t\t\t\t\t<h3><strong>Gerenciamento e hierarquia da funcionalidade<\/strong><\/h3><ul><li>\u00c9 poss\u00edvel definir quais relat\u00f3rios v\u00e3o considerar o tema padr\u00e3o.<\/li><li>A maior hierarquia \u00e9 empresa, se existir uma empresa criada com tema aplicado e n\u00e3o tiver nenhum usu\u00e1rio vinculado, o tema a ser considerado sempre vai ser a organiza\u00e7\u00e3o<\/li><li>Se existir uma empresa com tema aplicado e uma organiza\u00e7\u00e3o tamb\u00e9m, por\u00e9m o usu\u00e1rio estiver vinculado a empresa, a empresa sobressai<\/li><li>Se um \u00fanico usu\u00e1rio for vinculado a mais de uma empresa, ele considera o tema aplicado na organiza\u00e7\u00e3o<\/li><\/ul>\t\t\t\t\t\t\t\t<\/div>\n\t\t\t\t<\/div>\n\t\t\t\t<div class=\"elementor-element elementor-element-004eeba elementor-widget elementor-widget-text-editor\" data-id=\"004eeba\" data-element_type=\"widget\" data-e-type=\"widget\" data-widget_type=\"text-editor.default\">\n\t\t\t\t<div class=\"elementor-widget-container\">\n\t\t\t\t\t\t\t\t\t<h3><strong>Exemplo pr\u00e1tico da funcionalidade<\/strong><\/h3><p>Suponha que voc\u00ea tenha um relat\u00f3rio publicado no Power Embedded, e seu setor de marketing defina cores espec\u00edficas para campanhas. Por exemplo, para campanhas como Outubro Rosa , voc\u00ea pode personalizar os relat\u00f3rios com as cores dessa campanha de forma pr\u00e1tica e sem complica\u00e7\u00e3o.<\/p><ul><li><p><strong>Relat\u00f3rio Padr\u00e3o:<\/strong><br \/>Abaixo est\u00e1 um exemplo do seu relat\u00f3rio padr\u00e3o, sem qualquer personaliza\u00e7\u00e3o de tema aplicada.<\/p><p><img loading=\"lazy\" decoding=\"async\" class=\"alignnone size-full wp-image-4974\" src=\"https:\/\/powerembedded.com.br\/blog\/wp-content\/uploads\/2024\/12\/Amarelo-e-preto.png\" alt=\"\" width=\"1488\" height=\"811\" srcset=\"https:\/\/powerembedded.com.br\/blog\/wp-content\/uploads\/2024\/12\/Amarelo-e-preto.png 1488w, https:\/\/powerembedded.com.br\/blog\/wp-content\/uploads\/2024\/12\/Amarelo-e-preto-300x164.png 300w, https:\/\/powerembedded.com.br\/blog\/wp-content\/uploads\/2024\/12\/Amarelo-e-preto-1024x558.png 1024w, https:\/\/powerembedded.com.br\/blog\/wp-content\/uploads\/2024\/12\/Amarelo-e-preto-768x419.png 768w, https:\/\/powerembedded.com.br\/blog\/wp-content\/uploads\/2024\/12\/Amarelo-e-preto-18x10.png 18w\" sizes=\"(max-width: 1488px) 100vw, 1488px\" \/><\/p><\/li><li><p><strong>Relat\u00f3rio com Personaliza\u00e7\u00e3o do JSON (Modo Claro):<\/strong><br \/>Agora, com a personaliza\u00e7\u00e3o, o mesmo relat\u00f3rio pode exibir as cores e o estilo desejado, adaptado para a campanha.<\/p><p>Para o exemplo abaixo,\u00a0 eu configurei os campos json com o c\u00f3digo abaixo:<\/p><p><img loading=\"lazy\" decoding=\"async\" class=\"alignnone size-full wp-image-4990\" src=\"https:\/\/powerembedded.com.br\/blog\/wp-content\/uploads\/2024\/12\/template-json.png\" alt=\"\" width=\"806\" height=\"558\" srcset=\"https:\/\/powerembedded.com.br\/blog\/wp-content\/uploads\/2024\/12\/template-json.png 806w, https:\/\/powerembedded.com.br\/blog\/wp-content\/uploads\/2024\/12\/template-json-300x208.png 300w, https:\/\/powerembedded.com.br\/blog\/wp-content\/uploads\/2024\/12\/template-json-768x532.png 768w, https:\/\/powerembedded.com.br\/blog\/wp-content\/uploads\/2024\/12\/template-json-18x12.png 18w\" sizes=\"(max-width: 806px) 100vw, 806px\" \/><\/p><\/li><li>Campanha Outubro Rosa<p><img loading=\"lazy\" decoding=\"async\" class=\"alignnone size-full wp-image-4972\" src=\"https:\/\/powerembedded.com.br\/blog\/wp-content\/uploads\/2024\/12\/Rosa-Report.png\" alt=\"\" width=\"1514\" height=\"812\" srcset=\"https:\/\/powerembedded.com.br\/blog\/wp-content\/uploads\/2024\/12\/Rosa-Report.png 1514w, https:\/\/powerembedded.com.br\/blog\/wp-content\/uploads\/2024\/12\/Rosa-Report-300x161.png 300w, https:\/\/powerembedded.com.br\/blog\/wp-content\/uploads\/2024\/12\/Rosa-Report-1024x549.png 1024w, https:\/\/powerembedded.com.br\/blog\/wp-content\/uploads\/2024\/12\/Rosa-Report-768x412.png 768w, https:\/\/powerembedded.com.br\/blog\/wp-content\/uploads\/2024\/12\/Rosa-Report-18x10.png 18w\" sizes=\"(max-width: 1514px) 100vw, 1514px\" \/><\/p><\/li><li><p><strong>Relat\u00f3rio no Modo Escuro (Dark Mode):<br \/><\/strong><br \/>Al\u00e9m de alterar o tema para o modo padr\u00e3o, voc\u00ea tamb\u00e9m pode aplicar o <strong>modo escuro<\/strong>, mantendo a mesma personaliza\u00e7\u00e3o de cores, mas com uma nova est\u00e9tica.<\/p><p><img loading=\"lazy\" decoding=\"async\" class=\"alignnone size-full wp-image-4979\" src=\"https:\/\/powerembedded.com.br\/blog\/wp-content\/uploads\/2024\/12\/dark-rose.png\" alt=\"\" width=\"1458\" height=\"810\" srcset=\"https:\/\/powerembedded.com.br\/blog\/wp-content\/uploads\/2024\/12\/dark-rose.png 1458w, https:\/\/powerembedded.com.br\/blog\/wp-content\/uploads\/2024\/12\/dark-rose-300x167.png 300w, https:\/\/powerembedded.com.br\/blog\/wp-content\/uploads\/2024\/12\/dark-rose-1024x569.png 1024w, https:\/\/powerembedded.com.br\/blog\/wp-content\/uploads\/2024\/12\/dark-rose-768x427.png 768w, https:\/\/powerembedded.com.br\/blog\/wp-content\/uploads\/2024\/12\/dark-rose-18x10.png 18w\" sizes=\"(max-width: 1458px) 100vw, 1458px\" \/><\/p><\/li><\/ul><p>Neste exemplo, estamos usando apenas um relat\u00f3rio, mas a grande vantagem dessa funcionalidade \u00e9 que, ao aplicar o c\u00f3digo JSON, a personaliza\u00e7\u00e3o ser\u00e1 refletida em <strong>todos os relat\u00f3rios<\/strong> simultaneamente. E, caso necess\u00e1rio, voc\u00ea pode escolher quais relat\u00f3rios espec\u00edficos ter\u00e3o essa personaliza\u00e7\u00e3o aplicada.<\/p>\t\t\t\t\t\t\t\t<\/div>\n\t\t\t\t<\/div>\n\t\t\t\t<div class=\"elementor-element elementor-element-81e24c0 elementor-widget elementor-widget-text-editor\" data-id=\"81e24c0\" data-element_type=\"widget\" data-e-type=\"widget\" data-widget_type=\"text-editor.default\">\n\t\t\t\t<div class=\"elementor-widget-container\">\n\t\t\t\t\t\t\t\t\t<h3>Dicas sobre a funcionalidade.<\/h3><ul><li>Se utilizar um site para gerar temas sempre teste o arquivo JSON no Power BI antes de carreg\u00e1-lo no portal para garantir que as altera\u00e7\u00f5es sejam aplicadas corretamente.<\/li><\/ul><ul><li>Ap\u00f3s subir um novo JSON, pressione <strong>Ctrl + F5<\/strong> no navegador para limpar o cache e visualizar as mudan\u00e7as imediatamente.<\/li><li>Sempre que aplicar um tema, verique se voc\u00ea n\u00e3o est\u00e1 com o modo dark ativo<\/li><\/ul>\t\t\t\t\t\t\t\t<\/div>\n\t\t\t\t<\/div>\n\t\t\t\t\t<\/div>\n\t\t<\/div>\n\t\t\t\t\t<\/div>\n\t\t<\/section>\n\t\t\t\t<section class=\"elementor-section elementor-top-section elementor-element elementor-element-f2f61fb elementor-section-boxed elementor-section-height-default elementor-section-height-default\" data-id=\"f2f61fb\" data-element_type=\"section\" data-e-type=\"section\">\n\t\t\t\t\t\t<div class=\"elementor-container elementor-column-gap-default\">\n\t\t\t\t\t<div class=\"elementor-column elementor-col-100 elementor-top-column elementor-element elementor-element-b5c00ca\" data-id=\"b5c00ca\" data-element_type=\"column\" data-e-type=\"column\">\n\t\t\t<div class=\"elementor-widget-wrap elementor-element-populated\">\n\t\t\t\t\t\t\t<\/div>\n\t\t<\/div>\n\t\t\t\t\t<\/div>\n\t\t<\/section>\n\t\t\t\t<\/div>\n\t\t","protected":false},"excerpt":{"rendered":"<p>Agora, no Power Embedded, \u00e9 poss\u00edvel inserir um c\u00f3digo JSON para personalizar os temas dos relat\u00f3rios de maneira pr\u00e1tica e eficiente. Com essa nova funcionalidade, ficou mais f\u00e1cil ajustar o design dos relat\u00f3rios, permitindo o uso de cores corporativas, altera\u00e7\u00e3o de conjuntos de \u00edcones ou a aplica\u00e7\u00e3o de uma nova formata\u00e7\u00e3o visual padr\u00e3o. Quando o&hellip; <br \/> <a class=\"read-more\" href=\"https:\/\/powerembedded.com.br\/blog\/defina-um-tema-padrao-para-seus-relatorios-pelo-power-embedded\/\">Leia mais<\/a><\/p>\n","protected":false},"author":4,"featured_media":0,"comment_status":"open","ping_status":"open","sticky":false,"template":"","format":"standard","meta":{"content-type":"","footnotes":""},"categories":[7],"tags":[],"class_list":["post-4908","post","type-post","status-publish","format-standard","hentry","category-novidades"],"_links":{"self":[{"href":"https:\/\/powerembedded.com.br\/blog\/wp-json\/wp\/v2\/posts\/4908","targetHints":{"allow":["GET"]}}],"collection":[{"href":"https:\/\/powerembedded.com.br\/blog\/wp-json\/wp\/v2\/posts"}],"about":[{"href":"https:\/\/powerembedded.com.br\/blog\/wp-json\/wp\/v2\/types\/post"}],"author":[{"embeddable":true,"href":"https:\/\/powerembedded.com.br\/blog\/wp-json\/wp\/v2\/users\/4"}],"replies":[{"embeddable":true,"href":"https:\/\/powerembedded.com.br\/blog\/wp-json\/wp\/v2\/comments?post=4908"}],"version-history":[{"count":42,"href":"https:\/\/powerembedded.com.br\/blog\/wp-json\/wp\/v2\/posts\/4908\/revisions"}],"predecessor-version":[{"id":5112,"href":"https:\/\/powerembedded.com.br\/blog\/wp-json\/wp\/v2\/posts\/4908\/revisions\/5112"}],"wp:attachment":[{"href":"https:\/\/powerembedded.com.br\/blog\/wp-json\/wp\/v2\/media?parent=4908"}],"wp:term":[{"taxonomy":"category","embeddable":true,"href":"https:\/\/powerembedded.com.br\/blog\/wp-json\/wp\/v2\/categories?post=4908"},{"taxonomy":"post_tag","embeddable":true,"href":"https:\/\/powerembedded.com.br\/blog\/wp-json\/wp\/v2\/tags?post=4908"}],"curies":[{"name":"wp","href":"https:\/\/api.w.org\/{rel}","templated":true}]}}