{"id":5470,"date":"2025-04-01T19:16:22","date_gmt":"2025-04-01T22:16:22","guid":{"rendered":"https:\/\/powerembedded.com.br\/blog\/?p=5470"},"modified":"2025-05-01T20:06:15","modified_gmt":"2025-05-01T23:06:15","slug":"personalizacao-da-mensagem-ao-ligar-a-capacidade-sob-demanda","status":"publish","type":"post","link":"https:\/\/powerembedded.com.br\/blog\/personalizacao-da-mensagem-ao-ligar-a-capacidade-sob-demanda\/","title":{"rendered":"Personaliza\u00e7\u00e3o da Mensagem ao ligar a capacidade Sob Demanda"},"content":{"rendered":"<div id=\"ez-toc-container\" class=\"ez-toc-v2_0_82_2 counter-hierarchy ez-toc-counter ez-toc-grey ez-toc-container-direction\">\n<div class=\"ez-toc-title-container\">\n<p class=\"ez-toc-title\" style=\"cursor:inherit\">Table of Contents<\/p>\n<span class=\"ez-toc-title-toggle\"><a href=\"#\" class=\"ez-toc-pull-right ez-toc-btn ez-toc-btn-xs ez-toc-btn-default ez-toc-toggle\" aria-label=\"Alternar tabela de conte\u00fado\"><span class=\"ez-toc-js-icon-con\"><span class=\"\"><span class=\"eztoc-hide\" style=\"display:none;\">Toggle<\/span><span class=\"ez-toc-icon-toggle-span\"><svg style=\"fill: #999;color:#999\" xmlns=\"http:\/\/www.w3.org\/2000\/svg\" class=\"list-377408\" width=\"20px\" height=\"20px\" viewBox=\"0 0 24 24\" fill=\"none\"><path d=\"M6 6H4v2h2V6zm14 0H8v2h12V6zM4 11h2v2H4v-2zm16 0H8v2h12v-2zM4 16h2v2H4v-2zm16 0H8v2h12v-2z\" fill=\"currentColor\"><\/path><\/svg><svg style=\"fill: #999;color:#999\" class=\"arrow-unsorted-368013\" xmlns=\"http:\/\/www.w3.org\/2000\/svg\" width=\"10px\" height=\"10px\" viewBox=\"0 0 24 24\" version=\"1.2\" baseProfile=\"tiny\"><path d=\"M18.2 9.3l-6.2-6.3-6.2 6.3c-.2.2-.3.4-.3.7s.1.5.3.7c.2.2.4.3.7.3h11c.3 0 .5-.1.7-.3.2-.2.3-.5.3-.7s-.1-.5-.3-.7zM5.8 14.7l6.2 6.3 6.2-6.3c.2-.2.3-.5.3-.7s-.1-.5-.3-.7c-.2-.2-.4-.3-.7-.3h-11c-.3 0-.5.1-.7.3-.2.2-.3.5-.3.7s.1.5.3.7z\"\/><\/svg><\/span><\/span><\/span><\/a><\/span><\/div>\n<nav><ul class='ez-toc-list ez-toc-list-level-1 ' ><li class='ez-toc-page-1 ez-toc-heading-level-3'><a class=\"ez-toc-link ez-toc-heading-1\" href=\"https:\/\/powerembedded.com.br\/blog\/personalizacao-da-mensagem-ao-ligar-a-capacidade-sob-demanda\/#Personalizacao_da_Mensagem_ao_ligar_a_capacidade_Sob_Demanda\" >Personaliza\u00e7\u00e3o da Mensagem ao ligar a capacidade Sob Demanda<\/a><\/li><li class='ez-toc-page-1 ez-toc-heading-level-3'><a class=\"ez-toc-link ez-toc-heading-2\" href=\"https:\/\/powerembedded.com.br\/blog\/personalizacao-da-mensagem-ao-ligar-a-capacidade-sob-demanda\/#Como_configurar_o_texto_personalizado\" >Como configurar o texto personalizado<\/a><ul class='ez-toc-list-level-4' ><li class='ez-toc-heading-level-4'><a class=\"ez-toc-link ez-toc-heading-3\" href=\"https:\/\/powerembedded.com.br\/blog\/personalizacao-da-mensagem-ao-ligar-a-capacidade-sob-demanda\/#Passo_1_Acesse_o_portal_de_administracao\" >Passo 1: Acesse o portal de administra\u00e7\u00e3o<\/a><\/li><li class='ez-toc-page-1 ez-toc-heading-level-4'><a class=\"ez-toc-link ez-toc-heading-4\" href=\"https:\/\/powerembedded.com.br\/blog\/personalizacao-da-mensagem-ao-ligar-a-capacidade-sob-demanda\/#Passo_2_Personalize_o_texto\" >Passo 2: Personalize o texto<\/a><\/li><li class='ez-toc-page-1 ez-toc-heading-level-4'><a class=\"ez-toc-link ez-toc-heading-5\" href=\"https:\/\/powerembedded.com.br\/blog\/personalizacao-da-mensagem-ao-ligar-a-capacidade-sob-demanda\/#Passo_3_Salve\" >Passo 3: Salve<\/a><\/li><\/ul><\/li><\/ul><\/nav><\/div>\n<h3 class=\"\" data-start=\"111\" data-end=\"163\"><span class=\"ez-toc-section\" id=\"Personalizacao_da_Mensagem_ao_ligar_a_capacidade_Sob_Demanda\"><\/span>Personaliza\u00e7\u00e3o da Mensagem ao ligar a capacidade Sob Demanda<span class=\"ez-toc-section-end\"><\/span><\/h3>\n<p class=\"\" data-start=\"196\" data-end=\"556\">A funcionalidade de controle de capacidade no portal \u2014 que permite ligar e desligar a capacidade por demanda, voc\u00ea j\u00e1 conhece. Agora, <strong data-start=\"351\" data-end=\"425\">pensando em tornar o portal ainda mais personalizado para cada cliente<\/strong>, adicionamos uma nova melhoria: \u00e9 poss\u00edvel <strong data-start=\"469\" data-end=\"555\">editar a mensagem exibida durante o processo de ativa\u00e7\u00e3o da capacidade sob demanda<\/strong>.<\/p>\n<p class=\"\" data-start=\"558\" data-end=\"688\">Essa \u00e9 a visualiza\u00e7\u00e3o apresentada ao usu\u00e1rio quando ele tenta acessar um relat\u00f3rio fora do hor\u00e1rio em que a capacidade est\u00e1 desativada.<\/p>\n<p data-start=\"558\" data-end=\"688\"><img fetchpriority=\"high\" decoding=\"async\" class=\"alignnone size-full wp-image-5471\" src=\"https:\/\/powerembedded.com.br\/blog\/wp-content\/uploads\/2025\/05\/ligando-por-demanda.png\" alt=\"\" width=\"1164\" height=\"255\" srcset=\"https:\/\/powerembedded.com.br\/blog\/wp-content\/uploads\/2025\/05\/ligando-por-demanda.png 1164w, https:\/\/powerembedded.com.br\/blog\/wp-content\/uploads\/2025\/05\/ligando-por-demanda-300x66.png 300w, https:\/\/powerembedded.com.br\/blog\/wp-content\/uploads\/2025\/05\/ligando-por-demanda-1024x224.png 1024w, https:\/\/powerembedded.com.br\/blog\/wp-content\/uploads\/2025\/05\/ligando-por-demanda-768x168.png 768w, https:\/\/powerembedded.com.br\/blog\/wp-content\/uploads\/2025\/05\/ligando-por-demanda-18x4.png 18w\" sizes=\"(max-width: 1164px) 100vw, 1164px\" \/><\/p>\n<p class=\"\" data-start=\"690\" data-end=\"1055\">Antes, essa mensagem era fixa, informando apenas que a capacidade est\u00e1 sendo retomada. Com a nova funcionalidade, o cliente pode <strong data-start=\"839\" data-end=\"866\">personalizar esse texto<\/strong>, adaptando a linguagem conforme a identidade da empresa \u2014 seja com um tom mais informal, instru\u00e7\u00f5es adicionais, ou mensagens espec\u00edficas para os usu\u00e1rios finais.<\/p>\n<p class=\"\" data-start=\"1057\" data-end=\"1161\">Essa melhoria torna a experi\u00eancia mais acolhedora, profissional e alinhada \u00e0 comunica\u00e7\u00e3o da organiza\u00e7\u00e3o.<\/p>\n<h3 data-start=\"1057\" data-end=\"1161\"><span class=\"ez-toc-section\" id=\"Como_configurar_o_texto_personalizado\"><\/span>Como configurar o texto personalizado<span class=\"ez-toc-section-end\"><\/span><\/h3>\n<h4 class=\"\" data-start=\"1519\" data-end=\"1566\"><span class=\"ez-toc-section\" id=\"Passo_1_Acesse_o_portal_de_administracao\"><\/span>Passo 1: Acesse o portal de administra\u00e7\u00e3o<span class=\"ez-toc-section-end\"><\/span><\/h4>\n<p class=\"\" data-start=\"1567\" data-end=\"1643\">V\u00e1 at\u00e9 o menu de Capacidades &gt; A\u00e7\u00f5es &gt; Editar<\/p>\n<h4 class=\"\" data-start=\"1519\" data-end=\"1566\"><span class=\"ez-toc-section\" id=\"Passo_2_Personalize_o_texto\"><\/span>Passo 2: Personalize o texto<span class=\"ez-toc-section-end\"><\/span><\/h4>\n<p class=\"\" data-start=\"1677\" data-end=\"1761\">V\u00e1 at\u00e9 a guia de personaliza\u00e7\u00e3o e escreve o texto do seu agrado.<\/p>\n<p><img decoding=\"async\" class=\"alignnone size-full wp-image-5472\" src=\"https:\/\/powerembedded.com.br\/blog\/wp-content\/uploads\/2025\/05\/personalizar-texto.png\" alt=\"\" width=\"961\" height=\"578\" srcset=\"https:\/\/powerembedded.com.br\/blog\/wp-content\/uploads\/2025\/05\/personalizar-texto.png 961w, https:\/\/powerembedded.com.br\/blog\/wp-content\/uploads\/2025\/05\/personalizar-texto-300x180.png 300w, https:\/\/powerembedded.com.br\/blog\/wp-content\/uploads\/2025\/05\/personalizar-texto-768x462.png 768w, https:\/\/powerembedded.com.br\/blog\/wp-content\/uploads\/2025\/05\/personalizar-texto-18x12.png 18w\" sizes=\"(max-width: 961px) 100vw, 961px\" \/><\/p>\n<h4 class=\"\" data-start=\"1886\" data-end=\"1917\"><span class=\"ez-toc-section\" id=\"Passo_3_Salve\"><\/span>Passo 3: Salve<span class=\"ez-toc-section-end\"><\/span><\/h4>\n<p class=\"\" data-start=\"1918\" data-end=\"2057\">Ap\u00f3s salvar, a pr\u00f3xima vez que o seu usu\u00e1rio acessar por demanda a nova mensagem ir\u00e1 ser exibida<\/p>\n<p class=\"\" data-start=\"827\" data-end=\"946\">\n","protected":false},"excerpt":{"rendered":"<p>Personaliza\u00e7\u00e3o da Mensagem ao ligar a capacidade Sob Demanda A funcionalidade de controle de capacidade no portal \u2014 que permite ligar e desligar a capacidade por demanda, voc\u00ea j\u00e1 conhece. Agora, pensando em tornar o portal ainda mais personalizado para cada cliente, adicionamos uma nova melhoria: \u00e9 poss\u00edvel editar a mensagem exibida durante o processo&hellip; <br \/> <a class=\"read-more\" href=\"https:\/\/powerembedded.com.br\/blog\/personalizacao-da-mensagem-ao-ligar-a-capacidade-sob-demanda\/\">Leia mais<\/a><\/p>\n","protected":false},"author":4,"featured_media":0,"comment_status":"open","ping_status":"open","sticky":false,"template":"","format":"standard","meta":{"content-type":"","footnotes":""},"categories":[7],"tags":[],"class_list":["post-5470","post","type-post","status-publish","format-standard","hentry","category-novidades"],"_links":{"self":[{"href":"https:\/\/powerembedded.com.br\/blog\/wp-json\/wp\/v2\/posts\/5470","targetHints":{"allow":["GET"]}}],"collection":[{"href":"https:\/\/powerembedded.com.br\/blog\/wp-json\/wp\/v2\/posts"}],"about":[{"href":"https:\/\/powerembedded.com.br\/blog\/wp-json\/wp\/v2\/types\/post"}],"author":[{"embeddable":true,"href":"https:\/\/powerembedded.com.br\/blog\/wp-json\/wp\/v2\/users\/4"}],"replies":[{"embeddable":true,"href":"https:\/\/powerembedded.com.br\/blog\/wp-json\/wp\/v2\/comments?post=5470"}],"version-history":[{"count":2,"href":"https:\/\/powerembedded.com.br\/blog\/wp-json\/wp\/v2\/posts\/5470\/revisions"}],"predecessor-version":[{"id":5506,"href":"https:\/\/powerembedded.com.br\/blog\/wp-json\/wp\/v2\/posts\/5470\/revisions\/5506"}],"wp:attachment":[{"href":"https:\/\/powerembedded.com.br\/blog\/wp-json\/wp\/v2\/media?parent=5470"}],"wp:term":[{"taxonomy":"category","embeddable":true,"href":"https:\/\/powerembedded.com.br\/blog\/wp-json\/wp\/v2\/categories?post=5470"},{"taxonomy":"post_tag","embeddable":true,"href":"https:\/\/powerembedded.com.br\/blog\/wp-json\/wp\/v2\/tags?post=5470"}],"curies":[{"name":"wp","href":"https:\/\/api.w.org\/{rel}","templated":true}]}}