{"id":5484,"date":"2025-04-30T23:58:36","date_gmt":"2025-05-01T02:58:36","guid":{"rendered":"https:\/\/powerembedded.com.br\/blog\/?p=5484"},"modified":"2025-05-02T00:33:14","modified_gmt":"2025-05-02T03:33:14","slug":"modos-de-visualizacao-em-tela-cheia","status":"publish","type":"post","link":"https:\/\/powerembedded.com.br\/blog\/modos-de-visualizacao-em-tela-cheia\/","title":{"rendered":"Modos de Visualiza\u00e7\u00e3o em tela cheia"},"content":{"rendered":"<p class=\"\" data-start=\"109\" data-end=\"164\"><strong data-start=\"109\" data-end=\"164\">Modos de Visualiza\u00e7\u00e3o em tela cheia<\/strong><\/p>\n<p class=\"\" data-start=\"166\" data-end=\"423\">Pensando na diversidade de contextos em que os relat\u00f3rios do Power Embedded s\u00e3o exibidos \u2014 seja em ambientes corporativos, reuni\u00f5es ou at\u00e9 mesmo em TVs \u2014, implementamos novas op\u00e7\u00f5es de visualiza\u00e7\u00e3o para oferecer mais flexibilidade na experi\u00eancia do usu\u00e1rio.<\/p>\n<p data-start=\"166\" data-end=\"423\"><img fetchpriority=\"high\" decoding=\"async\" class=\"alignnone size-full wp-image-5485\" src=\"https:\/\/powerembedded.com.br\/blog\/wp-content\/uploads\/2025\/05\/opcoes.png\" alt=\"\" width=\"1198\" height=\"168\" srcset=\"https:\/\/powerembedded.com.br\/blog\/wp-content\/uploads\/2025\/05\/opcoes.png 1198w, https:\/\/powerembedded.com.br\/blog\/wp-content\/uploads\/2025\/05\/opcoes-300x42.png 300w, https:\/\/powerembedded.com.br\/blog\/wp-content\/uploads\/2025\/05\/opcoes-1024x144.png 1024w, https:\/\/powerembedded.com.br\/blog\/wp-content\/uploads\/2025\/05\/opcoes-768x108.png 768w, https:\/\/powerembedded.com.br\/blog\/wp-content\/uploads\/2025\/05\/opcoes-18x3.png 18w\" sizes=\"(max-width: 1198px) 100vw, 1198px\" \/><\/p>\n<p class=\"\" data-start=\"425\" data-end=\"469\">Agora, \u00e9 poss\u00edvel alternar entre dois modos:<\/p>\n<ul data-start=\"471\" data-end=\"1191\">\n<li class=\"\" data-start=\"677\" data-end=\"924\">\n<p class=\"\" data-start=\"679\" data-end=\"924\"><strong data-start=\"679\" data-end=\"704\">Tela Parcial (Padr\u00e3o)<\/strong>: O relat\u00f3rio \u00e9 exibido dentro da estrutura do portal, com os menus vis\u00edveis. Essa \u00e9 a visualiza\u00e7\u00e3o padr\u00e3o e recomendada para navega\u00e7\u00e3o interativa, onde o usu\u00e1rio precisa acessar outras funcionalidades al\u00e9m do relat\u00f3rio.<\/p>\n<\/li>\n<\/ul>\n<p><img decoding=\"async\" class=\"alignnone size-full wp-image-5487\" src=\"https:\/\/powerembedded.com.br\/blog\/wp-content\/uploads\/2025\/05\/Tela-cheia.png\" alt=\"\" width=\"1912\" height=\"1066\" srcset=\"https:\/\/powerembedded.com.br\/blog\/wp-content\/uploads\/2025\/05\/Tela-cheia.png 1912w, https:\/\/powerembedded.com.br\/blog\/wp-content\/uploads\/2025\/05\/Tela-cheia-300x167.png 300w, https:\/\/powerembedded.com.br\/blog\/wp-content\/uploads\/2025\/05\/Tela-cheia-1024x571.png 1024w, https:\/\/powerembedded.com.br\/blog\/wp-content\/uploads\/2025\/05\/Tela-cheia-768x428.png 768w, https:\/\/powerembedded.com.br\/blog\/wp-content\/uploads\/2025\/05\/Tela-cheia-1536x856.png 1536w, https:\/\/powerembedded.com.br\/blog\/wp-content\/uploads\/2025\/05\/Tela-cheia-18x10.png 18w\" sizes=\"(max-width: 1912px) 100vw, 1912px\" \/><\/p>\n<ul data-start=\"471\" data-end=\"1191\">\n<li class=\"\" data-start=\"926\" data-end=\"1191\">\n<p class=\"\" data-start=\"928\" data-end=\"1191\"><strong data-start=\"928\" data-end=\"949\">Tela Cheia Manual<\/strong>: Uma alternativa h\u00edbrida. O relat\u00f3rio preenche grande parte da tela, mas mant\u00e9m os menus vis\u00edveis. Essa op\u00e7\u00e3o surgiu a partir da necessidade de clientes que desejam ter maior imers\u00e3o visual sem abrir m\u00e3o do acesso r\u00e1pido \u00e0s op\u00e7\u00f5es do portal.<\/p>\n<\/li>\n<\/ul>\n<p><img decoding=\"async\" class=\"alignnone size-full wp-image-5486\" src=\"https:\/\/powerembedded.com.br\/blog\/wp-content\/uploads\/2025\/05\/Parcial.png\" alt=\"\" width=\"1915\" height=\"1079\" srcset=\"https:\/\/powerembedded.com.br\/blog\/wp-content\/uploads\/2025\/05\/Parcial.png 1915w, https:\/\/powerembedded.com.br\/blog\/wp-content\/uploads\/2025\/05\/Parcial-300x169.png 300w, https:\/\/powerembedded.com.br\/blog\/wp-content\/uploads\/2025\/05\/Parcial-1024x577.png 1024w, https:\/\/powerembedded.com.br\/blog\/wp-content\/uploads\/2025\/05\/Parcial-768x433.png 768w, https:\/\/powerembedded.com.br\/blog\/wp-content\/uploads\/2025\/05\/Parcial-1536x865.png 1536w, https:\/\/powerembedded.com.br\/blog\/wp-content\/uploads\/2025\/05\/Parcial-18x10.png 18w\" sizes=\"(max-width: 1915px) 100vw, 1915px\" \/><\/p>\n<p class=\"\" data-start=\"1193\" data-end=\"1358\">Com essa melhoria, cada cliente pode escolher a visualiza\u00e7\u00e3o que melhor se adapta ao seu cen\u00e1rio de uso, garantindo conforto, praticidade e foco onde for necess\u00e1rio.<\/p>\n","protected":false},"excerpt":{"rendered":"<p>Modos de Visualiza\u00e7\u00e3o em tela cheia Pensando na diversidade de contextos em que os relat\u00f3rios do Power Embedded s\u00e3o exibidos \u2014 seja em ambientes corporativos, reuni\u00f5es ou at\u00e9 mesmo em TVs \u2014, implementamos novas op\u00e7\u00f5es de visualiza\u00e7\u00e3o para oferecer mais flexibilidade na experi\u00eancia do usu\u00e1rio. Agora, \u00e9 poss\u00edvel alternar entre dois modos: Tela Parcial (Padr\u00e3o):&hellip; <br \/> <a class=\"read-more\" href=\"https:\/\/powerembedded.com.br\/blog\/modos-de-visualizacao-em-tela-cheia\/\">Leia mais<\/a><\/p>\n","protected":false},"author":4,"featured_media":0,"comment_status":"open","ping_status":"open","sticky":false,"template":"","format":"standard","meta":{"content-type":"","footnotes":""},"categories":[7],"tags":[],"class_list":["post-5484","post","type-post","status-publish","format-standard","hentry","category-novidades"],"_links":{"self":[{"href":"https:\/\/powerembedded.com.br\/blog\/wp-json\/wp\/v2\/posts\/5484","targetHints":{"allow":["GET"]}}],"collection":[{"href":"https:\/\/powerembedded.com.br\/blog\/wp-json\/wp\/v2\/posts"}],"about":[{"href":"https:\/\/powerembedded.com.br\/blog\/wp-json\/wp\/v2\/types\/post"}],"author":[{"embeddable":true,"href":"https:\/\/powerembedded.com.br\/blog\/wp-json\/wp\/v2\/users\/4"}],"replies":[{"embeddable":true,"href":"https:\/\/powerembedded.com.br\/blog\/wp-json\/wp\/v2\/comments?post=5484"}],"version-history":[{"count":1,"href":"https:\/\/powerembedded.com.br\/blog\/wp-json\/wp\/v2\/posts\/5484\/revisions"}],"predecessor-version":[{"id":5488,"href":"https:\/\/powerembedded.com.br\/blog\/wp-json\/wp\/v2\/posts\/5484\/revisions\/5488"}],"wp:attachment":[{"href":"https:\/\/powerembedded.com.br\/blog\/wp-json\/wp\/v2\/media?parent=5484"}],"wp:term":[{"taxonomy":"category","embeddable":true,"href":"https:\/\/powerembedded.com.br\/blog\/wp-json\/wp\/v2\/categories?post=5484"},{"taxonomy":"post_tag","embeddable":true,"href":"https:\/\/powerembedded.com.br\/blog\/wp-json\/wp\/v2\/tags?post=5484"}],"curies":[{"name":"wp","href":"https:\/\/api.w.org\/{rel}","templated":true}]}}