{"id":5803,"date":"2025-09-19T15:45:30","date_gmt":"2025-09-19T18:45:30","guid":{"rendered":"https:\/\/powerembedded.com.br\/blog\/?p=5803"},"modified":"2025-09-19T16:13:03","modified_gmt":"2025-09-19T19:13:03","slug":"personalizacao-de-abas-no-portal-de-visualizacao","status":"publish","type":"post","link":"https:\/\/powerembedded.com.br\/blog\/personalizacao-de-abas-no-portal-de-visualizacao\/","title":{"rendered":"Personaliza\u00e7\u00e3o de Abas no Portal de Visualiza\u00e7\u00e3o"},"content":{"rendered":"\t\t<div data-elementor-type=\"wp-post\" data-elementor-id=\"5803\" class=\"elementor elementor-5803\" data-elementor-post-type=\"post\">\n\t\t\t\t\t\t<section class=\"elementor-section elementor-top-section elementor-element elementor-element-7c8d42b elementor-section-boxed elementor-section-height-default elementor-section-height-default\" data-id=\"7c8d42b\" data-element_type=\"section\" data-e-type=\"section\">\n\t\t\t\t\t\t<div class=\"elementor-container elementor-column-gap-default\">\n\t\t\t\t\t<div class=\"elementor-column elementor-col-100 elementor-top-column elementor-element elementor-element-396cf42\" data-id=\"396cf42\" data-element_type=\"column\" data-e-type=\"column\">\n\t\t\t<div class=\"elementor-widget-wrap elementor-element-populated\">\n\t\t\t\t\t\t<div class=\"elementor-element elementor-element-cc98eeb elementor-widget elementor-widget-text-editor\" data-id=\"cc98eeb\" data-element_type=\"widget\" data-e-type=\"widget\" data-widget_type=\"text-editor.default\">\n\t\t\t\t<div class=\"elementor-widget-container\">\n\t\t\t\t\t\t\t\t\t<p><span style=\"color: #000000;\">Com o objetivo de tornar o portal cada vez mais personaliz\u00e1vel para nossos clientes, agora tamb\u00e9m \u00e9 poss\u00edvel configurar a cor nas <strong><em data-start=\"213\" data-end=\"219\">Abas<\/em><\/strong> no Portal de Visualiza\u00e7\u00e3o.<\/span><\/p>\t\t\t\t\t\t\t\t<\/div>\n\t\t\t\t<\/div>\n\t\t\t\t\t<\/div>\n\t\t<\/div>\n\t\t\t\t\t<\/div>\n\t\t<\/section>\n\t\t\t\t<section class=\"elementor-section elementor-top-section elementor-element elementor-element-1846c15 elementor-section-boxed elementor-section-height-default elementor-section-height-default\" data-id=\"1846c15\" data-element_type=\"section\" data-e-type=\"section\">\n\t\t\t\t\t\t<div class=\"elementor-container elementor-column-gap-default\">\n\t\t\t\t\t<div class=\"elementor-column elementor-col-100 elementor-top-column elementor-element elementor-element-42b7621\" data-id=\"42b7621\" data-element_type=\"column\" data-e-type=\"column\">\n\t\t\t<div class=\"elementor-widget-wrap elementor-element-populated\">\n\t\t\t\t\t\t<div class=\"elementor-element elementor-element-73e37eb elementor-widget elementor-widget-image\" data-id=\"73e37eb\" data-element_type=\"widget\" data-e-type=\"widget\" data-widget_type=\"image.default\">\n\t\t\t\t<div class=\"elementor-widget-container\">\n\t\t\t\t\t\t\t\t\t\t\t\t\t\t\t<img fetchpriority=\"high\" decoding=\"async\" width=\"1024\" height=\"359\" src=\"https:\/\/powerembedded.com.br\/blog\/wp-content\/uploads\/2025\/09\/Screenshot_58-1024x359.png\" class=\"attachment-large size-large wp-image-5805\" alt=\"\" srcset=\"https:\/\/powerembedded.com.br\/blog\/wp-content\/uploads\/2025\/09\/Screenshot_58-1024x359.png 1024w, https:\/\/powerembedded.com.br\/blog\/wp-content\/uploads\/2025\/09\/Screenshot_58-300x105.png 300w, https:\/\/powerembedded.com.br\/blog\/wp-content\/uploads\/2025\/09\/Screenshot_58-768x269.png 768w, https:\/\/powerembedded.com.br\/blog\/wp-content\/uploads\/2025\/09\/Screenshot_58-1536x539.png 1536w, https:\/\/powerembedded.com.br\/blog\/wp-content\/uploads\/2025\/09\/Screenshot_58-18x6.png 18w, https:\/\/powerembedded.com.br\/blog\/wp-content\/uploads\/2025\/09\/Screenshot_58.png 1657w\" sizes=\"(max-width: 1024px) 100vw, 1024px\" \/>\t\t\t\t\t\t\t\t\t\t\t\t\t\t\t<\/div>\n\t\t\t\t<\/div>\n\t\t\t\t\t<\/div>\n\t\t<\/div>\n\t\t\t\t\t<\/div>\n\t\t<\/section>\n\t\t\t\t<section class=\"elementor-section elementor-top-section elementor-element elementor-element-45cd9f6 elementor-section-boxed elementor-section-height-default elementor-section-height-default\" data-id=\"45cd9f6\" data-element_type=\"section\" data-e-type=\"section\">\n\t\t\t\t\t\t<div class=\"elementor-container elementor-column-gap-default\">\n\t\t\t\t\t<div class=\"elementor-column elementor-col-100 elementor-top-column elementor-element elementor-element-b333249\" data-id=\"b333249\" data-element_type=\"column\" data-e-type=\"column\">\n\t\t\t<div class=\"elementor-widget-wrap elementor-element-populated\">\n\t\t\t\t\t\t<div class=\"elementor-element elementor-element-1e12475 elementor-widget elementor-widget-text-editor\" data-id=\"1e12475\" data-element_type=\"widget\" data-e-type=\"widget\" data-widget_type=\"text-editor.default\">\n\t\t\t\t<div class=\"elementor-widget-container\">\n\t\t\t\t\t\t\t\t\t<h3><span style=\"color: #000000;\">Funcionalidade<\/span><\/h3><p><span style=\"color: #000000;\">Essa funcionalidade permite destacar, com uma cor diferente, as abas que estiverem desabilitadas no modo de visualiza\u00e7\u00e3o dos relat\u00f3rios.<\/span><\/p><h3><span style=\"color: #000000;\">Como configurar:<\/span><\/h3><ol><li><span style=\"color: #000000;\">Acessar portal de Administra\u00e7\u00e3o<\/span><\/li><li><span style=\"color: #000000;\">Menu configura\u00e7\u00f5es<\/span><\/li><li><span style=\"color: #000000;\">Portal de Visualiza\u00e7\u00e3o: <b>&#8220;Abas &#8211; Cor de Fundo Secund\u00e1ria<\/b>&#8220;<br \/>Agora \u00e9 s\u00f3 salvar!<\/span><\/li><\/ol>\t\t\t\t\t\t\t\t<\/div>\n\t\t\t\t<\/div>\n\t\t\t\t<div class=\"elementor-element elementor-element-ecfd88a elementor-widget elementor-widget-image\" data-id=\"ecfd88a\" data-element_type=\"widget\" data-e-type=\"widget\" data-widget_type=\"image.default\">\n\t\t\t\t<div class=\"elementor-widget-container\">\n\t\t\t\t\t\t\t\t\t\t\t\t\t\t\t<img decoding=\"async\" width=\"1024\" height=\"328\" src=\"https:\/\/powerembedded.com.br\/blog\/wp-content\/uploads\/2025\/09\/Screenshot_59-1024x328.png\" class=\"attachment-large size-large wp-image-5810\" alt=\"\" srcset=\"https:\/\/powerembedded.com.br\/blog\/wp-content\/uploads\/2025\/09\/Screenshot_59-1024x328.png 1024w, https:\/\/powerembedded.com.br\/blog\/wp-content\/uploads\/2025\/09\/Screenshot_59-300x96.png 300w, https:\/\/powerembedded.com.br\/blog\/wp-content\/uploads\/2025\/09\/Screenshot_59-768x246.png 768w, https:\/\/powerembedded.com.br\/blog\/wp-content\/uploads\/2025\/09\/Screenshot_59-1536x492.png 1536w, https:\/\/powerembedded.com.br\/blog\/wp-content\/uploads\/2025\/09\/Screenshot_59-18x6.png 18w, https:\/\/powerembedded.com.br\/blog\/wp-content\/uploads\/2025\/09\/Screenshot_59.png 1909w\" sizes=\"(max-width: 1024px) 100vw, 1024px\" \/>\t\t\t\t\t\t\t\t\t\t\t\t\t\t\t<\/div>\n\t\t\t\t<\/div>\n\t\t\t\t\t<\/div>\n\t\t<\/div>\n\t\t\t\t\t<\/div>\n\t\t<\/section>\n\t\t\t\t<\/div>\n\t\t","protected":false},"excerpt":{"rendered":"<p>Com o objetivo de tornar o portal cada vez mais personaliz\u00e1vel para nossos clientes, agora tamb\u00e9m \u00e9 poss\u00edvel configurar a cor nas Abas no Portal de Visualiza\u00e7\u00e3o. Funcionalidade Essa funcionalidade permite destacar, com uma cor diferente, as abas que estiverem desabilitadas no modo de visualiza\u00e7\u00e3o dos relat\u00f3rios. Como configurar: Acessar portal de Administra\u00e7\u00e3o Menu configura\u00e7\u00f5es&hellip; <br \/> <a class=\"read-more\" href=\"https:\/\/powerembedded.com.br\/blog\/personalizacao-de-abas-no-portal-de-visualizacao\/\">Leia mais<\/a><\/p>\n","protected":false},"author":5,"featured_media":0,"comment_status":"open","ping_status":"open","sticky":false,"template":"","format":"standard","meta":{"content-type":"","footnotes":""},"categories":[7],"tags":[],"class_list":["post-5803","post","type-post","status-publish","format-standard","hentry","category-novidades"],"_links":{"self":[{"href":"https:\/\/powerembedded.com.br\/blog\/wp-json\/wp\/v2\/posts\/5803","targetHints":{"allow":["GET"]}}],"collection":[{"href":"https:\/\/powerembedded.com.br\/blog\/wp-json\/wp\/v2\/posts"}],"about":[{"href":"https:\/\/powerembedded.com.br\/blog\/wp-json\/wp\/v2\/types\/post"}],"author":[{"embeddable":true,"href":"https:\/\/powerembedded.com.br\/blog\/wp-json\/wp\/v2\/users\/5"}],"replies":[{"embeddable":true,"href":"https:\/\/powerembedded.com.br\/blog\/wp-json\/wp\/v2\/comments?post=5803"}],"version-history":[{"count":9,"href":"https:\/\/powerembedded.com.br\/blog\/wp-json\/wp\/v2\/posts\/5803\/revisions"}],"predecessor-version":[{"id":5816,"href":"https:\/\/powerembedded.com.br\/blog\/wp-json\/wp\/v2\/posts\/5803\/revisions\/5816"}],"wp:attachment":[{"href":"https:\/\/powerembedded.com.br\/blog\/wp-json\/wp\/v2\/media?parent=5803"}],"wp:term":[{"taxonomy":"category","embeddable":true,"href":"https:\/\/powerembedded.com.br\/blog\/wp-json\/wp\/v2\/categories?post=5803"},{"taxonomy":"post_tag","embeddable":true,"href":"https:\/\/powerembedded.com.br\/blog\/wp-json\/wp\/v2\/tags?post=5803"}],"curies":[{"name":"wp","href":"https:\/\/api.w.org\/{rel}","templated":true}]}}