{"id":5830,"date":"2025-10-16T20:05:41","date_gmt":"2025-10-16T23:05:41","guid":{"rendered":"https:\/\/powerembedded.com.br\/blog\/?p=5830"},"modified":"2025-10-16T20:09:55","modified_gmt":"2025-10-16T23:09:55","slug":"personalizacao-de-logotipo-no-e-mail-de-boas-vindas","status":"publish","type":"post","link":"https:\/\/powerembedded.com.br\/blog\/personalizacao-de-logotipo-no-e-mail-de-boas-vindas\/","title":{"rendered":"Personaliza\u00e7\u00e3o de Logotipo no E-mail de Boas-Vindas"},"content":{"rendered":"\t\t<div data-elementor-type=\"wp-post\" data-elementor-id=\"5830\" class=\"elementor elementor-5830\" data-elementor-post-type=\"post\">\n\t\t\t\t\t\t<section class=\"elementor-section elementor-top-section elementor-element elementor-element-5f3ab9a elementor-section-boxed elementor-section-height-default elementor-section-height-default\" data-id=\"5f3ab9a\" data-element_type=\"section\" data-e-type=\"section\">\n\t\t\t\t\t\t<div class=\"elementor-container elementor-column-gap-default\">\n\t\t\t\t\t<div class=\"elementor-column elementor-col-100 elementor-top-column elementor-element elementor-element-87dff7c\" data-id=\"87dff7c\" data-element_type=\"column\" data-e-type=\"column\">\n\t\t\t<div class=\"elementor-widget-wrap elementor-element-populated\">\n\t\t\t\t\t\t<div class=\"elementor-element elementor-element-ad81804 elementor-widget elementor-widget-text-editor\" data-id=\"ad81804\" data-element_type=\"widget\" data-e-type=\"widget\" data-widget_type=\"text-editor.default\">\n\t\t\t\t<div class=\"elementor-widget-container\">\n\t\t\t\t\t\t\t\t\t<p><span style=\"color: #000000;\">Com o objetivo de tornar o portal cada vez mais personalizado e alinhado \u00e0 identidade visual da sua empresa, agora \u00e9 poss\u00edvel personalizar a logo utilizada no envio de e-mails.<\/span><\/p><p><span style=\"color: #000000;\">Antes, o e-mail herdava automaticamente a personaliza\u00e7\u00e3o configurada no portal de visualiza\u00e7\u00e3o. Agora, esse processo pode ser realizado diretamente nas configura\u00e7\u00f5es de e-mail, permitindo at\u00e9 mesmo definir uma personaliza\u00e7\u00e3o com cores diferentes, se desejado.<\/span><\/p>\t\t\t\t\t\t\t\t<\/div>\n\t\t\t\t<\/div>\n\t\t\t\t\t<\/div>\n\t\t<\/div>\n\t\t\t\t\t<\/div>\n\t\t<\/section>\n\t\t\t\t<section class=\"elementor-section elementor-top-section elementor-element elementor-element-85b4ae5 elementor-section-boxed elementor-section-height-default elementor-section-height-default\" data-id=\"85b4ae5\" data-element_type=\"section\" data-e-type=\"section\">\n\t\t\t\t\t\t<div class=\"elementor-container elementor-column-gap-default\">\n\t\t\t\t\t<div class=\"elementor-column elementor-col-100 elementor-top-column elementor-element elementor-element-5e40ea4\" data-id=\"5e40ea4\" data-element_type=\"column\" data-e-type=\"column\">\n\t\t\t<div class=\"elementor-widget-wrap elementor-element-populated\">\n\t\t\t\t\t\t<div class=\"elementor-element elementor-element-e269b16 elementor-widget elementor-widget-image\" data-id=\"e269b16\" data-element_type=\"widget\" data-e-type=\"widget\" data-widget_type=\"image.default\">\n\t\t\t\t<div class=\"elementor-widget-container\">\n\t\t\t\t\t\t\t\t\t\t\t\t\t\t\t<img fetchpriority=\"high\" decoding=\"async\" width=\"1024\" height=\"504\" src=\"https:\/\/powerembedded.com.br\/blog\/wp-content\/uploads\/2025\/10\/Screenshot_86-1024x504.png\" class=\"attachment-large size-large wp-image-5832\" alt=\"\" srcset=\"https:\/\/powerembedded.com.br\/blog\/wp-content\/uploads\/2025\/10\/Screenshot_86-1024x504.png 1024w, https:\/\/powerembedded.com.br\/blog\/wp-content\/uploads\/2025\/10\/Screenshot_86-300x148.png 300w, https:\/\/powerembedded.com.br\/blog\/wp-content\/uploads\/2025\/10\/Screenshot_86-768x378.png 768w, https:\/\/powerembedded.com.br\/blog\/wp-content\/uploads\/2025\/10\/Screenshot_86-18x9.png 18w, https:\/\/powerembedded.com.br\/blog\/wp-content\/uploads\/2025\/10\/Screenshot_86.png 1353w\" sizes=\"(max-width: 1024px) 100vw, 1024px\" \/>\t\t\t\t\t\t\t\t\t\t\t\t\t\t\t<\/div>\n\t\t\t\t<\/div>\n\t\t\t\t\t<\/div>\n\t\t<\/div>\n\t\t\t\t\t<\/div>\n\t\t<\/section>\n\t\t\t\t<section class=\"elementor-section elementor-top-section elementor-element elementor-element-4c20dca elementor-section-boxed elementor-section-height-default elementor-section-height-default\" data-id=\"4c20dca\" data-element_type=\"section\" data-e-type=\"section\">\n\t\t\t\t\t\t<div class=\"elementor-container elementor-column-gap-default\">\n\t\t\t\t\t<div class=\"elementor-column elementor-col-100 elementor-top-column elementor-element elementor-element-ea17fac\" data-id=\"ea17fac\" data-element_type=\"column\" data-e-type=\"column\">\n\t\t\t<div class=\"elementor-widget-wrap elementor-element-populated\">\n\t\t\t\t\t\t<div class=\"elementor-element elementor-element-60c1614 elementor-widget elementor-widget-spacer\" data-id=\"60c1614\" data-element_type=\"widget\" data-e-type=\"widget\" data-widget_type=\"spacer.default\">\n\t\t\t\t<div class=\"elementor-widget-container\">\n\t\t\t\t\t\t\t<div class=\"elementor-spacer\">\n\t\t\t<div class=\"elementor-spacer-inner\"><\/div>\n\t\t<\/div>\n\t\t\t\t\t\t<\/div>\n\t\t\t\t<\/div>\n\t\t\t\t<div class=\"elementor-element elementor-element-a3fbc52 elementor-widget elementor-widget-text-editor\" data-id=\"a3fbc52\" data-element_type=\"widget\" data-e-type=\"widget\" data-widget_type=\"text-editor.default\">\n\t\t\t\t<div class=\"elementor-widget-container\">\n\t\t\t\t\t\t\t\t\t<p><span style=\"color: #000000;\">Para personalizar \u00e9 muito simples, basta ir no portal de administra\u00e7\u00e3o, menu &#8220;configura\u00e7\u00f5es&#8221;,\u00a0 aba Emails e personalizar a imagem.<\/span><\/p>\t\t\t\t\t\t\t\t<\/div>\n\t\t\t\t<\/div>\n\t\t\t\t\t<\/div>\n\t\t<\/div>\n\t\t\t\t\t<\/div>\n\t\t<\/section>\n\t\t\t\t<section class=\"elementor-section elementor-top-section elementor-element elementor-element-c16b6a8 elementor-section-boxed elementor-section-height-default elementor-section-height-default\" data-id=\"c16b6a8\" data-element_type=\"section\" data-e-type=\"section\">\n\t\t\t\t\t\t<div class=\"elementor-container elementor-column-gap-default\">\n\t\t\t\t\t<div class=\"elementor-column elementor-col-100 elementor-top-column elementor-element elementor-element-16e5466\" data-id=\"16e5466\" data-element_type=\"column\" data-e-type=\"column\">\n\t\t\t<div class=\"elementor-widget-wrap elementor-element-populated\">\n\t\t\t\t\t\t<div class=\"elementor-element elementor-element-f176a65 elementor-widget elementor-widget-image\" data-id=\"f176a65\" data-element_type=\"widget\" data-e-type=\"widget\" data-widget_type=\"image.default\">\n\t\t\t\t<div class=\"elementor-widget-container\">\n\t\t\t\t\t\t\t\t\t\t\t\t\t\t\t<img decoding=\"async\" width=\"1024\" height=\"417\" src=\"https:\/\/powerembedded.com.br\/blog\/wp-content\/uploads\/2025\/10\/Screenshot_85-1024x417.png\" class=\"attachment-large size-large wp-image-5833\" alt=\"\" srcset=\"https:\/\/powerembedded.com.br\/blog\/wp-content\/uploads\/2025\/10\/Screenshot_85-1024x417.png 1024w, https:\/\/powerembedded.com.br\/blog\/wp-content\/uploads\/2025\/10\/Screenshot_85-300x122.png 300w, https:\/\/powerembedded.com.br\/blog\/wp-content\/uploads\/2025\/10\/Screenshot_85-768x313.png 768w, https:\/\/powerembedded.com.br\/blog\/wp-content\/uploads\/2025\/10\/Screenshot_85-1536x625.png 1536w, https:\/\/powerembedded.com.br\/blog\/wp-content\/uploads\/2025\/10\/Screenshot_85-18x7.png 18w, https:\/\/powerembedded.com.br\/blog\/wp-content\/uploads\/2025\/10\/Screenshot_85.png 1582w\" sizes=\"(max-width: 1024px) 100vw, 1024px\" \/>\t\t\t\t\t\t\t\t\t\t\t\t\t\t\t<\/div>\n\t\t\t\t<\/div>\n\t\t\t\t\t<\/div>\n\t\t<\/div>\n\t\t\t\t\t<\/div>\n\t\t<\/section>\n\t\t\t\t<\/div>\n\t\t","protected":false},"excerpt":{"rendered":"<p>Com o objetivo de tornar o portal cada vez mais personalizado e alinhado \u00e0 identidade visual da sua empresa, agora \u00e9 poss\u00edvel personalizar a logo utilizada no envio de e-mails. Antes, o e-mail herdava automaticamente a personaliza\u00e7\u00e3o configurada no portal de visualiza\u00e7\u00e3o. Agora, esse processo pode ser realizado diretamente nas configura\u00e7\u00f5es de e-mail, permitindo at\u00e9&hellip; <br \/> <a class=\"read-more\" href=\"https:\/\/powerembedded.com.br\/blog\/personalizacao-de-logotipo-no-e-mail-de-boas-vindas\/\">Leia mais<\/a><\/p>\n","protected":false},"author":5,"featured_media":0,"comment_status":"open","ping_status":"open","sticky":false,"template":"","format":"standard","meta":{"content-type":"","footnotes":""},"categories":[7],"tags":[],"class_list":["post-5830","post","type-post","status-publish","format-standard","hentry","category-novidades"],"_links":{"self":[{"href":"https:\/\/powerembedded.com.br\/blog\/wp-json\/wp\/v2\/posts\/5830","targetHints":{"allow":["GET"]}}],"collection":[{"href":"https:\/\/powerembedded.com.br\/blog\/wp-json\/wp\/v2\/posts"}],"about":[{"href":"https:\/\/powerembedded.com.br\/blog\/wp-json\/wp\/v2\/types\/post"}],"author":[{"embeddable":true,"href":"https:\/\/powerembedded.com.br\/blog\/wp-json\/wp\/v2\/users\/5"}],"replies":[{"embeddable":true,"href":"https:\/\/powerembedded.com.br\/blog\/wp-json\/wp\/v2\/comments?post=5830"}],"version-history":[{"count":3,"href":"https:\/\/powerembedded.com.br\/blog\/wp-json\/wp\/v2\/posts\/5830\/revisions"}],"predecessor-version":[{"id":5836,"href":"https:\/\/powerembedded.com.br\/blog\/wp-json\/wp\/v2\/posts\/5830\/revisions\/5836"}],"wp:attachment":[{"href":"https:\/\/powerembedded.com.br\/blog\/wp-json\/wp\/v2\/media?parent=5830"}],"wp:term":[{"taxonomy":"category","embeddable":true,"href":"https:\/\/powerembedded.com.br\/blog\/wp-json\/wp\/v2\/categories?post=5830"},{"taxonomy":"post_tag","embeddable":true,"href":"https:\/\/powerembedded.com.br\/blog\/wp-json\/wp\/v2\/tags?post=5830"}],"curies":[{"name":"wp","href":"https:\/\/api.w.org\/{rel}","templated":true}]}}