{"id":5930,"date":"2026-02-27T17:57:42","date_gmt":"2026-02-27T20:57:42","guid":{"rendered":"https:\/\/powerembedded.com.br\/blog\/?p=5930"},"modified":"2026-03-09T16:47:50","modified_gmt":"2026-03-09T19:47:50","slug":"personalizacao-do-email-de-boas-vindas","status":"publish","type":"post","link":"https:\/\/powerembedded.com.br\/blog\/personalizacao-do-email-de-boas-vindas\/","title":{"rendered":"Personaliza\u00e7\u00e3o do Email de Boas Vindas"},"content":{"rendered":"\t\t<div data-elementor-type=\"wp-post\" data-elementor-id=\"5930\" class=\"elementor elementor-5930\" data-elementor-post-type=\"post\">\n\t\t\t\t\t\t<section class=\"elementor-section elementor-top-section elementor-element elementor-element-5c71d88 elementor-section-boxed elementor-section-height-default elementor-section-height-default\" data-id=\"5c71d88\" data-element_type=\"section\" data-e-type=\"section\">\n\t\t\t\t\t\t<div class=\"elementor-container elementor-column-gap-default\">\n\t\t\t\t\t<div class=\"elementor-column elementor-col-100 elementor-top-column elementor-element elementor-element-84650d1\" data-id=\"84650d1\" data-element_type=\"column\" data-e-type=\"column\">\n\t\t\t<div class=\"elementor-widget-wrap elementor-element-populated\">\n\t\t\t\t\t\t<div class=\"elementor-element elementor-element-d16c1e2 elementor-widget elementor-widget-text-editor\" data-id=\"d16c1e2\" data-element_type=\"widget\" data-e-type=\"widget\" data-widget_type=\"text-editor.default\">\n\t\t\t\t<div class=\"elementor-widget-container\">\n\t\t\t\t\t\t\t\t\t<p data-start=\"161\" data-end=\"384\">Pensando em oferecer ainda mais possibilidades aos nossos clientes, implementamos uma nova funcionalidade que permite editar e configurar o conte\u00fado do e-mail de boas-vindas enviado aos novos usu\u00e1rios cadastrados no portal.<\/p><p data-start=\"386\" data-end=\"636\">Agora, o administrador pode personalizar o assunto e o corpo da mensagem, adaptando a comunica\u00e7\u00e3o \u00e0 identidade da empresa e \u00e0s necessidades espec\u00edficas do seu neg\u00f3cio, tornando o primeiro contato mais estrat\u00e9gico, profissional e alinhado \u00e0 sua marca.<\/p>\t\t\t\t\t\t\t\t<\/div>\n\t\t\t\t<\/div>\n\t\t\t\t\t<\/div>\n\t\t<\/div>\n\t\t\t\t\t<\/div>\n\t\t<\/section>\n\t\t\t\t<section class=\"elementor-section elementor-top-section elementor-element elementor-element-5a4ea3a elementor-section-boxed elementor-section-height-default elementor-section-height-default\" data-id=\"5a4ea3a\" data-element_type=\"section\" data-e-type=\"section\">\n\t\t\t\t\t\t<div class=\"elementor-container elementor-column-gap-default\">\n\t\t\t\t\t<div class=\"elementor-column elementor-col-100 elementor-top-column elementor-element elementor-element-03f4bbe\" data-id=\"03f4bbe\" data-element_type=\"column\" data-e-type=\"column\">\n\t\t\t<div class=\"elementor-widget-wrap elementor-element-populated\">\n\t\t\t\t\t\t<div class=\"elementor-element elementor-element-b8a2796 elementor-widget elementor-widget-image\" data-id=\"b8a2796\" data-element_type=\"widget\" data-e-type=\"widget\" data-widget_type=\"image.default\">\n\t\t\t\t<div class=\"elementor-widget-container\">\n\t\t\t\t\t\t\t\t\t\t\t\t\t\t\t<img fetchpriority=\"high\" decoding=\"async\" width=\"1024\" height=\"577\" src=\"https:\/\/powerembedded.com.br\/blog\/wp-content\/uploads\/2026\/02\/Screenshot_24-1024x577.png\" class=\"attachment-large size-large wp-image-5932\" alt=\"\" srcset=\"https:\/\/powerembedded.com.br\/blog\/wp-content\/uploads\/2026\/02\/Screenshot_24-1024x577.png 1024w, https:\/\/powerembedded.com.br\/blog\/wp-content\/uploads\/2026\/02\/Screenshot_24-300x169.png 300w, https:\/\/powerembedded.com.br\/blog\/wp-content\/uploads\/2026\/02\/Screenshot_24-768x433.png 768w, https:\/\/powerembedded.com.br\/blog\/wp-content\/uploads\/2026\/02\/Screenshot_24-18x10.png 18w, https:\/\/powerembedded.com.br\/blog\/wp-content\/uploads\/2026\/02\/Screenshot_24.png 1326w\" sizes=\"(max-width: 1024px) 100vw, 1024px\" \/>\t\t\t\t\t\t\t\t\t\t\t\t\t\t\t<\/div>\n\t\t\t\t<\/div>\n\t\t\t\t\t<\/div>\n\t\t<\/div>\n\t\t\t\t\t<\/div>\n\t\t<\/section>\n\t\t\t\t<section class=\"elementor-section elementor-top-section elementor-element elementor-element-d371b19 elementor-section-boxed elementor-section-height-default elementor-section-height-default\" data-id=\"d371b19\" data-element_type=\"section\" data-e-type=\"section\">\n\t\t\t\t\t\t<div class=\"elementor-container elementor-column-gap-default\">\n\t\t\t\t\t<div class=\"elementor-column elementor-col-100 elementor-top-column elementor-element elementor-element-d9ab23e\" data-id=\"d9ab23e\" data-element_type=\"column\" data-e-type=\"column\">\n\t\t\t<div class=\"elementor-widget-wrap elementor-element-populated\">\n\t\t\t\t\t\t<div class=\"elementor-element elementor-element-e1d0be8 elementor-widget elementor-widget-spacer\" data-id=\"e1d0be8\" data-element_type=\"widget\" data-e-type=\"widget\" data-widget_type=\"spacer.default\">\n\t\t\t\t<div class=\"elementor-widget-container\">\n\t\t\t\t\t\t\t<div class=\"elementor-spacer\">\n\t\t\t<div class=\"elementor-spacer-inner\"><\/div>\n\t\t<\/div>\n\t\t\t\t\t\t<\/div>\n\t\t\t\t<\/div>\n\t\t\t\t<div class=\"elementor-element elementor-element-972d70d elementor-widget elementor-widget-text-editor\" data-id=\"972d70d\" data-element_type=\"widget\" data-e-type=\"widget\" data-widget_type=\"text-editor.default\">\n\t\t\t\t<div class=\"elementor-widget-container\">\n\t\t\t\t\t\t\t\t\t<h3 data-start=\"116\" data-end=\"150\">Configura\u00e7\u00e3o \u2013 Como utilizar:<\/h3><p data-start=\"152\" data-end=\"217\">Para personalizar o e-mail de boas-vindas, siga os passos abaixo:<\/p><ol><li data-start=\"152\" data-end=\"217\">Acesse o Portal de Administra\u00e7\u00e3o;<\/li><li data-start=\"152\" data-end=\"217\">Clique em configura\u00e7\u00f5es;<\/li><li data-start=\"152\" data-end=\"217\">Acesse a aba Emails;<\/li><li data-start=\"152\" data-end=\"217\">Localize a op\u00e7\u00e3o personalizar Email de boas vindas;<\/li><li data-start=\"152\" data-end=\"217\">Habilite a flag &#8220;Personalizar Email de boas vindas.<\/li><\/ol><p data-start=\"448\" data-end=\"493\">Ap\u00f3s habilitar a funcionalidade, voc\u00ea poder\u00e1:<\/p><ul><li>Inserir a logo da empresa no e-mail<\/li><li>Definir um t\u00edtulo personalizado<\/li><li>Redigir o conte\u00fado da mensagem conforme desejar.<\/li><\/ul>\t\t\t\t\t\t\t\t<\/div>\n\t\t\t\t<\/div>\n\t\t\t\t\t<\/div>\n\t\t<\/div>\n\t\t\t\t\t<\/div>\n\t\t<\/section>\n\t\t\t\t<section class=\"elementor-section elementor-top-section elementor-element elementor-element-41e77f3 elementor-section-boxed elementor-section-height-default elementor-section-height-default\" data-id=\"41e77f3\" data-element_type=\"section\" data-e-type=\"section\">\n\t\t\t\t\t\t<div class=\"elementor-container elementor-column-gap-default\">\n\t\t\t\t\t<div class=\"elementor-column elementor-col-100 elementor-top-column elementor-element elementor-element-32e05d2\" data-id=\"32e05d2\" data-element_type=\"column\" data-e-type=\"column\">\n\t\t\t<div class=\"elementor-widget-wrap elementor-element-populated\">\n\t\t\t\t\t\t<div class=\"elementor-element elementor-element-2479f03 elementor-widget elementor-widget-image\" data-id=\"2479f03\" data-element_type=\"widget\" data-e-type=\"widget\" data-widget_type=\"image.default\">\n\t\t\t\t<div class=\"elementor-widget-container\">\n\t\t\t\t\t\t\t\t\t\t\t\t\t\t\t<img decoding=\"async\" width=\"1024\" height=\"485\" src=\"https:\/\/powerembedded.com.br\/blog\/wp-content\/uploads\/2026\/02\/Screenshot_23-1024x485.png\" class=\"attachment-large size-large wp-image-5933\" alt=\"\" srcset=\"https:\/\/powerembedded.com.br\/blog\/wp-content\/uploads\/2026\/02\/Screenshot_23-1024x485.png 1024w, https:\/\/powerembedded.com.br\/blog\/wp-content\/uploads\/2026\/02\/Screenshot_23-300x142.png 300w, https:\/\/powerembedded.com.br\/blog\/wp-content\/uploads\/2026\/02\/Screenshot_23-768x364.png 768w, https:\/\/powerembedded.com.br\/blog\/wp-content\/uploads\/2026\/02\/Screenshot_23-1536x727.png 1536w, https:\/\/powerembedded.com.br\/blog\/wp-content\/uploads\/2026\/02\/Screenshot_23-18x9.png 18w, https:\/\/powerembedded.com.br\/blog\/wp-content\/uploads\/2026\/02\/Screenshot_23.png 1903w\" sizes=\"(max-width: 1024px) 100vw, 1024px\" \/>\t\t\t\t\t\t\t\t\t\t\t\t\t\t\t<\/div>\n\t\t\t\t<\/div>\n\t\t\t\t\t<\/div>\n\t\t<\/div>\n\t\t\t\t\t<\/div>\n\t\t<\/section>\n\t\t\t\t<section class=\"elementor-section elementor-top-section elementor-element elementor-element-af21c0d elementor-section-boxed elementor-section-height-default elementor-section-height-default\" data-id=\"af21c0d\" data-element_type=\"section\" data-e-type=\"section\">\n\t\t\t\t\t\t<div class=\"elementor-container elementor-column-gap-default\">\n\t\t\t\t\t<div class=\"elementor-column elementor-col-100 elementor-top-column elementor-element elementor-element-0306d8c\" data-id=\"0306d8c\" data-element_type=\"column\" data-e-type=\"column\">\n\t\t\t<div class=\"elementor-widget-wrap elementor-element-populated\">\n\t\t\t\t\t\t<div class=\"elementor-element elementor-element-edfe001 elementor-widget elementor-widget-spacer\" data-id=\"edfe001\" data-element_type=\"widget\" data-e-type=\"widget\" data-widget_type=\"spacer.default\">\n\t\t\t\t<div class=\"elementor-widget-container\">\n\t\t\t\t\t\t\t<div class=\"elementor-spacer\">\n\t\t\t<div class=\"elementor-spacer-inner\"><\/div>\n\t\t<\/div>\n\t\t\t\t\t\t<\/div>\n\t\t\t\t<\/div>\n\t\t\t\t<div class=\"elementor-element elementor-element-fb40348 elementor-widget elementor-widget-text-editor\" data-id=\"fb40348\" data-element_type=\"widget\" data-e-type=\"widget\" data-widget_type=\"text-editor.default\">\n\t\t\t\t<div class=\"elementor-widget-container\">\n\t\t\t\t\t\t\t\t\t<p>Pronto! Agora o e-mail de boas-vindas refletir\u00e1 a identidade da sua empresa, proporcionando uma comunica\u00e7\u00e3o mais profissional e alinhada \u00e0 sua marca desde o primeiro contato.<\/p>\t\t\t\t\t\t\t\t<\/div>\n\t\t\t\t<\/div>\n\t\t\t\t\t<\/div>\n\t\t<\/div>\n\t\t\t\t\t<\/div>\n\t\t<\/section>\n\t\t\t\t<\/div>\n\t\t","protected":false},"excerpt":{"rendered":"<p>Pensando em oferecer ainda mais possibilidades aos nossos clientes, implementamos uma nova funcionalidade que permite editar e configurar o conte\u00fado do e-mail de boas-vindas enviado aos novos usu\u00e1rios cadastrados no portal. Agora, o administrador pode personalizar o assunto e o corpo da mensagem, adaptando a comunica\u00e7\u00e3o \u00e0 identidade da empresa e \u00e0s necessidades espec\u00edficas do&hellip; <br \/> <a class=\"read-more\" href=\"https:\/\/powerembedded.com.br\/blog\/personalizacao-do-email-de-boas-vindas\/\">Leia mais<\/a><\/p>\n","protected":false},"author":5,"featured_media":0,"comment_status":"open","ping_status":"open","sticky":false,"template":"","format":"standard","meta":{"content-type":"","footnotes":""},"categories":[7],"tags":[],"class_list":["post-5930","post","type-post","status-publish","format-standard","hentry","category-novidades"],"_links":{"self":[{"href":"https:\/\/powerembedded.com.br\/blog\/wp-json\/wp\/v2\/posts\/5930","targetHints":{"allow":["GET"]}}],"collection":[{"href":"https:\/\/powerembedded.com.br\/blog\/wp-json\/wp\/v2\/posts"}],"about":[{"href":"https:\/\/powerembedded.com.br\/blog\/wp-json\/wp\/v2\/types\/post"}],"author":[{"embeddable":true,"href":"https:\/\/powerembedded.com.br\/blog\/wp-json\/wp\/v2\/users\/5"}],"replies":[{"embeddable":true,"href":"https:\/\/powerembedded.com.br\/blog\/wp-json\/wp\/v2\/comments?post=5930"}],"version-history":[{"count":10,"href":"https:\/\/powerembedded.com.br\/blog\/wp-json\/wp\/v2\/posts\/5930\/revisions"}],"predecessor-version":[{"id":6051,"href":"https:\/\/powerembedded.com.br\/blog\/wp-json\/wp\/v2\/posts\/5930\/revisions\/6051"}],"wp:attachment":[{"href":"https:\/\/powerembedded.com.br\/blog\/wp-json\/wp\/v2\/media?parent=5930"}],"wp:term":[{"taxonomy":"category","embeddable":true,"href":"https:\/\/powerembedded.com.br\/blog\/wp-json\/wp\/v2\/categories?post=5930"},{"taxonomy":"post_tag","embeddable":true,"href":"https:\/\/powerembedded.com.br\/blog\/wp-json\/wp\/v2\/tags?post=5930"}],"curies":[{"name":"wp","href":"https:\/\/api.w.org\/{rel}","templated":true}]}}